{"id":24978,"date":"2023-08-31T18:59:38","date_gmt":"2023-08-31T16:59:38","guid":{"rendered":"https:\/\/christusnews.de\/site\/aus-manchen-baeumen-auf-der-streuobstwiese-leuchtet-es-schon-rot-das-weckt-die-vorfreude-auf-unser-apfel-wochenende-am-23-9-von-10-15-uhr-ziehen-wir-los-mit-apfelpflueckern-bollerwagen-vielen\/"},"modified":"2023-08-31T23:17:50","modified_gmt":"2023-08-31T21:17:50","slug":"aus-manchen-baeumen-auf-der-streuobstwiese-leuchtet-es-schon-rot-das-weckt-die-vorfreude-auf-unser-apfel-wochenende-am-23-9-von-10-15-uhr-ziehen-wir-los-mit-apfelpflueckern-bollerwagen-vielen","status":"publish","type":"post","link":"https:\/\/christusnews.de\/site\/aus-manchen-baeumen-auf-der-streuobstwiese-leuchtet-es-schon-rot-das-weckt-die-vorfreude-auf-unser-apfel-wochenende-am-23-9-von-10-15-uhr-ziehen-wir-los-mit-apfelpflueckern-bollerwagen-vielen\/","title":{"rendered":"Aus manchen B\u00e4umen auf der Streuobstwiese leuchtet es schon rot: \nDas weckt die Vorfreude auf unser Apfel-Wochenende. \nAm 23.9., von 10-15 Uhr ziehen wir los mit Apfelpfl\u00fcckern, Bollerwagen, vielen Kindern und einem gro\u00dfen Team. Anschlie\u00dfend werden die \u00c4pfel direkt verarbeitet. Wir pressen Saft, backen Kuchen und probieren sicher alle Sorten durch.\nAm 24.9. kommen dann die Gro\u00dfen dazu: Zusammen feiern wir ein Danke-Fest. Um 11 Uhr starten wir mit der Familienkirche, anschlie\u00dfend k\u00f6nnen alle unsere Apfelspezialit\u00e4ten probieren. \nKinder ab 5 Jahren k\u00f6nnen sich ab sofort anmelden &#8211; hier gibt es die Anmeldung zum Runterladen: https:\/\/www.heppenser-kirche.de\/&#8230;\/apfelernte-und-danke&#8230;\/\nWeitere Infos im Gemeindeb\u00fcro oder bei Meike von Fintel (meike.von.fintel@kirche-am-meer.de; 015228979833)."},"content":{"rendered":"<p>Aus manchen B\u00e4umen auf der Streuobstwiese leuchtet es schon rot:<br \/>\nDas weckt die Vorfreude auf unser Apfel-Wochenende.<br \/>\nAm 23.9., von 10-15 Uhr ziehen wir los mit Apfelpfl\u00fcckern, Bollerwagen, vielen Kindern und einem gro\u00dfen Team. Anschlie\u00dfend werden die \u00c4pfel direkt verarbeitet. Wir pressen Saft, backen Kuchen und probieren sicher alle Sorten durch.<br \/>\nAm 24.9. kommen dann die Gro\u00dfen dazu: Zusammen feiern wir ein Danke-Fest. Um 11 Uhr starten wir mit der Familienkirche, anschlie\u00dfend k\u00f6nnen alle unsere Apfelspezialit\u00e4ten probieren.<br \/>\nKinder ab 5 Jahren k\u00f6nnen sich ab sofort anmelden &#8211; hier gibt es die Anmeldung zum Runterladen: https:\/\/www.heppenser-kirche.de\/&#8230;\/apfelernte-und-danke&#8230;\/<br \/>\nWeitere Infos im Gemeindeb\u00fcro oder bei Meike von Fintel (meike.von.fintel@kirche-am-meer.de; 015228979833).<br \/>\nHAVENKIRCHE@FB<br \/>\n<a href=\"https:\/\/www.facebook.com\/396185572708352\/posts\/611050204555220\" target=\"_blank\" rel=\"noopener\">Aus manchen B\u00e4umen auf der Streuobstwiese leuchtet es schon rot:<br \/>\nDas weckt die Vorfreude auf unser Apfel-Wochenende.<br \/>\nAm 23.9., von 10-15 Uhr ziehen wir los mit Apfelpfl\u00fcckern, Bollerwagen, vielen Kindern und einem gro\u00dfen Team. Anschlie\u00dfend werden die \u00c4pfel direkt verarbeitet. Wir pressen Saft, backen Kuchen und probieren sicher alle Sorten durch.<br \/>\nAm 24.9. kommen dann die Gro\u00dfen dazu: Zusammen feiern wir ein Danke-Fest. Um 11 Uhr starten wir mit der Familienkirche, anschlie\u00dfend k\u00f6nnen alle unsere Apfelspezialit\u00e4ten probieren.<br \/>\nKinder ab 5 Jahren k\u00f6nnen sich ab sofort anmelden &#8211; hier gibt es die Anmeldung zum Runterladen: https:\/\/www.heppenser-kirche.de\/&#8230;\/apfelernte-und-danke&#8230;\/<br \/>\nWeitere Infos im Gemeindeb\u00fcro oder bei Meike von Fintel (meike.von.fintel@kirche-am-meer.de; 015228979833).<\/a><\/p>\n","protected":false},"excerpt":{"rendered":"<p>Aus manchen B\u00e4umen auf der Streuobstwiese leuchtet es schon rot: Das weckt die Vorfreude auf unser Apfel-Wochenende. Am 23.9., von 10-15 Uhr ziehen wir los mit Apfelpfl\u00fcckern, Bollerwagen, vielen Kindern und einem gro\u00dfen Team. Anschlie\u00dfend werden die \u00c4pfel direkt verarbeitet. Wir pressen Saft, backen Kuchen und probieren sicher alle Sorten durch. Am 24.9. kommen dann die Gro\u00dfen dazu: Zusammen feiern wir ein Danke-Fest. Um 11 Uhr starten wir mit der Familienkirche, anschlie\u00dfend k\u00f6nnen alle unsere Apfelspezialit\u00e4ten probieren. Kinder ab 5 Jahren k\u00f6nnen sich ab sofort anmelden &#8211; hier gibt es die Anmeldung zum Runterladen: https:\/\/www.heppenser-kirche.de\/&#8230;\/apfelernte-und-danke&#8230;\/ Weitere Infos im Gemeindeb\u00fcro oder&#8230;<\/p>\n","protected":false},"author":6,"featured_media":0,"comment_status":"false","ping_status":"open","sticky":false,"template":"","format":"standard","meta":{"footnotes":""},"categories":[75],"tags":[76],"class_list":["post-24978","post","type-post","status-publish","format-standard","hentry","category-havenkirche","tag-havenkirche"],"_links":{"self":[{"href":"https:\/\/christusnews.de\/site\/wp-json\/wp\/v2\/posts\/24978","targetHints":{"allow":["GET"]}}],"collection":[{"href":"https:\/\/christusnews.de\/site\/wp-json\/wp\/v2\/posts"}],"about":[{"href":"https:\/\/christusnews.de\/site\/wp-json\/wp\/v2\/types\/post"}],"author":[{"embeddable":true,"href":"https:\/\/christusnews.de\/site\/wp-json\/wp\/v2\/users\/6"}],"replies":[{"embeddable":true,"href":"https:\/\/christusnews.de\/site\/wp-json\/wp\/v2\/comments?post=24978"}],"version-history":[{"count":1,"href":"https:\/\/christusnews.de\/site\/wp-json\/wp\/v2\/posts\/24978\/revisions"}],"predecessor-version":[{"id":24979,"href":"https:\/\/christusnews.de\/site\/wp-json\/wp\/v2\/posts\/24978\/revisions\/24979"}],"wp:attachment":[{"href":"https:\/\/christusnews.de\/site\/wp-json\/wp\/v2\/media?parent=24978"}],"wp:term":[{"taxonomy":"category","embeddable":true,"href":"https:\/\/christusnews.de\/site\/wp-json\/wp\/v2\/categories?post=24978"},{"taxonomy":"post_tag","embeddable":true,"href":"https:\/\/christusnews.de\/site\/wp-json\/wp\/v2\/tags?post=24978"}],"curies":[{"name":"wp","href":"https:\/\/api.w.org\/{rel}","templated":true}]}}