{"id":24982,"date":"2023-08-31T08:29:00","date_gmt":"2023-08-31T06:29:00","guid":{"rendered":"https:\/\/christusnews.de\/site\/kirchlicher-friedensbeauftragter-hoffen-auf-zeit-der-gerechtigkeit\/"},"modified":"2023-09-01T11:17:42","modified_gmt":"2023-09-01T09:17:42","slug":"kirchlicher-friedensbeauftragter-hoffen-auf-zeit-der-gerechtigkeit","status":"publish","type":"post","link":"https:\/\/christusnews.de\/site\/kirchlicher-friedensbeauftragter-hoffen-auf-zeit-der-gerechtigkeit\/","title":{"rendered":"Kirchlicher Friedensbeauftragter: Hoffen auf Zeit der Gerechtigkeit"},"content":{"rendered":"<p class=\"MsoPlainText\">Hannover (epd). Mit Blick auf den Antikriegstag am Freitag (1. September) hat der Friedensbeauftragte der evangelisch-lutherischen Landeskirche Hannovers, Felix Paul, die Solidarit\u00e4t mit den Leidtragenden von Kriegen und Tyrannei betont. \u00abWir stehen fest an der Seite der \u00dcberfallenen, Ermordeten und Verletzten an Leib und Seele\u00bb, sagte der Referent im Haus kirchlicher Dienste am Donnerstag in Hannover. Zugleich wende sich die Landeskirche gegen jede Form der Tyrannei, die unfassbares Leid \u00fcber die Menschen bringe und halte fest an der \u00abHoffnung auf eine Zeit, in der der Geist des Friedens um sich greift, Gerechtigkeit waltet und die Schrecken der Gegenwart zur Vergangenheit geh\u00f6ren\u00bb.<\/p>\n<p class=\"MsoPlainText\">&nbsp;<\/p>\n<p class=\"MsoPlainText\">Seit 1957 wird am 1. September an die Schrecken des Ersten und Zweiten Weltkriegs sowie an die Folgen von Krieg, Gewalt und Faschismus erinnert. An diesem Tag j\u00e4hrt sich der deutsche \u00dcberfall auf Polen am 1. September 1939, mit dem der Zweite Weltkrieg begann. Traditionell veranstalten der Deutsche Gewerkschaftsbund (DGB) und seine Mitgliedsorganisationen am Antikriegstag bundesweit Gedenkveranstaltungen. In Hannover l\u00e4dt die IG Metall von 16 Uhr an zu einer Gendenkfeier auf den Ehrenfriedhof am Maschsee-Nordufer in Beisein von Oberb\u00fcrgermeister Belit Onay. Der Ort erinnert an 526 Kriegsgefangene und KZ-H\u00e4ftlinge, die im April 1945 von der Gestapo ermordet wurden.<\/p>\n<p>Kirche-Oldenburg<br \/>\n<a href=\"https:\/\/www.kirche-oldenburg.de\/\/aktuell\/news-niedersachsen\/artikel\/kirchlicher-friedensbeauftragter-hoffen-auf-zeit-der-gerechtigkeit\" target=\"_blank\" rel=\"noopener\">Kirchlicher Friedensbeauftragter: Hoffen auf Zeit der Gerechtigkeit<\/a><\/p>\n","protected":false},"excerpt":{"rendered":"<p>Hannover (epd). Mit Blick auf den Antikriegstag am Freitag (1. September) hat der Friedensbeauftragte der evangelisch-lutherischen Landeskirche Hannovers, Felix Paul, die Solidarit\u00e4t mit den Leidtragenden von Kriegen und Tyrannei betont. \u00abWir stehen fest an der Seite der \u00dcberfallenen, Ermordeten und Verletzten an Leib und Seele\u00bb, sagte der Referent im Haus kirchlicher Dienste am Donnerstag in Hannover. Zugleich wende sich die Landeskirche gegen jede Form der Tyrannei, die unfassbares Leid \u00fcber die Menschen bringe und halte fest an der \u00abHoffnung auf eine Zeit, in der der Geist des Friedens um sich greift, Gerechtigkeit waltet und die Schrecken der Gegenwart zur Vergangenheit&#8230;<\/p>\n","protected":false},"author":7,"featured_media":0,"comment_status":"false","ping_status":"open","sticky":false,"template":"","format":"standard","meta":{"footnotes":""},"categories":[43],"tags":[44],"class_list":["post-24982","post","type-post","status-publish","format-standard","hentry","category-kirche-oldenburg","tag-kirche-oldenburg"],"_links":{"self":[{"href":"https:\/\/christusnews.de\/site\/wp-json\/wp\/v2\/posts\/24982","targetHints":{"allow":["GET"]}}],"collection":[{"href":"https:\/\/christusnews.de\/site\/wp-json\/wp\/v2\/posts"}],"about":[{"href":"https:\/\/christusnews.de\/site\/wp-json\/wp\/v2\/types\/post"}],"author":[{"embeddable":true,"href":"https:\/\/christusnews.de\/site\/wp-json\/wp\/v2\/users\/7"}],"replies":[{"embeddable":true,"href":"https:\/\/christusnews.de\/site\/wp-json\/wp\/v2\/comments?post=24982"}],"version-history":[{"count":1,"href":"https:\/\/christusnews.de\/site\/wp-json\/wp\/v2\/posts\/24982\/revisions"}],"predecessor-version":[{"id":24983,"href":"https:\/\/christusnews.de\/site\/wp-json\/wp\/v2\/posts\/24982\/revisions\/24983"}],"wp:attachment":[{"href":"https:\/\/christusnews.de\/site\/wp-json\/wp\/v2\/media?parent=24982"}],"wp:term":[{"taxonomy":"category","embeddable":true,"href":"https:\/\/christusnews.de\/site\/wp-json\/wp\/v2\/categories?post=24982"},{"taxonomy":"post_tag","embeddable":true,"href":"https:\/\/christusnews.de\/site\/wp-json\/wp\/v2\/tags?post=24982"}],"curies":[{"name":"wp","href":"https:\/\/api.w.org\/{rel}","templated":true}]}}