{"id":24986,"date":"2023-09-01T08:23:14","date_gmt":"2023-09-01T06:23:14","guid":{"rendered":"https:\/\/christusnews.de\/site\/vibe-festival-beginnt-mit-zwei-veranstaltungenfreitag-01-09-19-uhr-christus-und-garnisonkirchemia-knop-jacobsen-amp-hauke-renken-und-collegium-vocale-jever-the-choir-projectmit-einem-be\/"},"modified":"2023-09-01T11:17:45","modified_gmt":"2023-09-01T09:17:45","slug":"vibe-festival-beginnt-mit-zwei-veranstaltungenfreitag-01-09-19-uhr-christus-und-garnisonkirchemia-knop-jacobsen-amp-hauke-renken-und-collegium-vocale-jever-the-choir-projectmit-einem-be","status":"publish","type":"post","link":"https:\/\/christusnews.de\/site\/vibe-festival-beginnt-mit-zwei-veranstaltungenfreitag-01-09-19-uhr-christus-und-garnisonkirchemia-knop-jacobsen-amp-hauke-renken-und-collegium-vocale-jever-the-choir-projectmit-einem-be\/","title":{"rendered":"Vibe Festival beginnt mit zwei Veranstaltungen:\n\nFreitag, 01.09.\n19 Uhr, Christus- und Garnisonkirche\nMia Knop Jacobsen &amp;amp; Hauke Renken und Collegium Vocale Jever The Choir Project\nMit einem besonderen musikalischen Leckerbissen startet das Festival in die dritte Saison: Das\nrenommierte Berliner Duo Mia Knop Jacobsen (Gesang) &amp;amp; Hauke Renken (Vibraphon) trifft auf den Chor Collegium Vocale Jever unter der Leitung von Simon Kasper. Gemeinsam verleihen sie ber\u00fchmten Werken der Klassik von Beethoven, Brahms oder Rachmaninow eine eigene, ganz pers\u00f6nliche Note &#8211; und das mit viel Feingef\u00fchl, Kreativit\u00e4t und untr\u00fcglichem musikalischen Instinkt. Alle Arrangements und fast alle Texte, die u. a. inspiriert sind von der Lyrik Rainer Maria Rilkes, entstammen der Musikwerkstatt des Berliner Duos. Oft geh\u00f6rte Melodien werden zu \u00fcberraschend neuen, ber\u00fchrenden, mehrstimmigen Liedern!\n\nFreitag, 01.09.\n21 Uhr, Gemeindehaus der Christus- und Garnisonkirche\nJohanna Bastian &amp;amp; Hauke Renken\nWas h\u00f6rst du?\nDas neue Format \u201eWas h\u00f6rst du?\u201c mit dem Jazzvibraphonisten Hauke Renken und der klassischen Geigerin Johanna Bastian empfiehlt Musik, die beide K\u00fcnstler besonders bewegt. Dazu musizieren sie oder legen auf und mehr noch: Sie tauschen sich aus, erz\u00e4hlen und diskutieren &#8211; \u00fcber eindrucksvolle Konzerterfahrungen und das Musikerdasein, \u00fcber H\u00f6rgewohnheiten, Krisen und Lieblingsplatten. Ganz nach den klugen Worten des unvergessenen Roger Willemsen: \u201eMusik ernst nehmen hei\u00dft sie pers\u00f6nlich nehmen\u201c. Der Abend m\u00f6chte Interesse wecken an ganz unterschiedlichen Musikstilen und dazu anregen, \u00fcber Musik \u2013 und nicht nur dar\u00fcber \u2013 wieder ins Gespr\u00e4ch zu kommen &#8230; Und was h\u00f6rst du?"},"content":{"rendered":"<p>Vibe Festival beginnt mit zwei Veranstaltungen:<\/p>\n<p>Freitag, 01.09.<br \/>\n19 Uhr, Christus- und Garnisonkirche<br \/>\nMia Knop Jacobsen &amp; Hauke Renken und Collegium Vocale Jever The Choir Project<br \/>\nMit einem besonderen musikalischen Leckerbissen startet das Festival in die dritte Saison: Das<br \/>\nrenommierte Berliner Duo Mia Knop Jacobsen (Gesang) &amp; Hauke Renken (Vibraphon) trifft auf den Chor Collegium Vocale Jever unter der Leitung von Simon Kasper. Gemeinsam verleihen sie ber\u00fchmten Werken der Klassik von Beethoven, Brahms oder Rachmaninow eine eigene, ganz pers\u00f6nliche Note &#8211; und das mit viel Feingef\u00fchl, Kreativit\u00e4t und untr\u00fcglichem musikalischen Instinkt. Alle Arrangements und fast alle Texte, die u. a. inspiriert sind von der Lyrik Rainer Maria Rilkes, entstammen der Musikwerkstatt des Berliner Duos. Oft geh\u00f6rte Melodien werden zu \u00fcberraschend neuen, ber\u00fchrenden, mehrstimmigen Liedern!<\/p>\n<p>Freitag, 01.09.<br \/>\n21 Uhr, Gemeindehaus der Christus- und Garnisonkirche<br \/>\nJohanna Bastian &amp; Hauke Renken<br \/>\nWas h\u00f6rst du?<br \/>\nDas neue Format \u201eWas h\u00f6rst du?\u201c mit dem Jazzvibraphonisten Hauke Renken und der klassischen Geigerin Johanna Bastian empfiehlt Musik, die beide K\u00fcnstler besonders bewegt. Dazu musizieren sie oder legen auf und mehr noch: Sie tauschen sich aus, erz\u00e4hlen und diskutieren &#8211; \u00fcber eindrucksvolle Konzerterfahrungen und das Musikerdasein, \u00fcber H\u00f6rgewohnheiten, Krisen und Lieblingsplatten. Ganz nach den klugen Worten des unvergessenen Roger Willemsen: \u201eMusik ernst nehmen hei\u00dft sie pers\u00f6nlich nehmen\u201c. Der Abend m\u00f6chte Interesse wecken an ganz unterschiedlichen Musikstilen und dazu anregen, \u00fcber Musik \u2013 und nicht nur dar\u00fcber \u2013 wieder ins Gespr\u00e4ch zu kommen &#8230; Und was h\u00f6rst du?<br \/>\nHAVENKIRCHE@FB<br \/>\n<a href=\"https:\/\/www.facebook.com\/396185572708352\/posts\/611301554530085\" target=\"_blank\" rel=\"noopener\">Vibe Festival beginnt mit zwei Veranstaltungen:<\/p>\n<p>Freitag, 01.09.<br \/>\n19 Uhr, Christus- und Garnisonkirche<br \/>\nMia Knop Jacobsen &amp;amp; Hauke Renken und Collegium Vocale Jever The Choir Project<br \/>\nMit einem besonderen musikalischen Leckerbissen startet das Festival in die dritte Saison: Das<br \/>\nrenommierte Berliner Duo Mia Knop Jacobsen (Gesang) &amp;amp; Hauke Renken (Vibraphon) trifft auf den Chor Collegium Vocale Jever unter der Leitung von Simon Kasper. Gemeinsam verleihen sie ber\u00fchmten Werken der Klassik von Beethoven, Brahms oder Rachmaninow eine eigene, ganz pers\u00f6nliche Note &#8211; und das mit viel Feingef\u00fchl, Kreativit\u00e4t und untr\u00fcglichem musikalischen Instinkt. Alle Arrangements und fast alle Texte, die u. a. inspiriert sind von der Lyrik Rainer Maria Rilkes, entstammen der Musikwerkstatt des Berliner Duos. Oft geh\u00f6rte Melodien werden zu \u00fcberraschend neuen, ber\u00fchrenden, mehrstimmigen Liedern!<\/p>\n<p>Freitag, 01.09.<br \/>\n21 Uhr, Gemeindehaus der Christus- und Garnisonkirche<br \/>\nJohanna Bastian &amp;amp; Hauke Renken<br \/>\nWas h\u00f6rst du?<br \/>\nDas neue Format \u201eWas h\u00f6rst du?\u201c mit dem Jazzvibraphonisten Hauke Renken und der klassischen Geigerin Johanna Bastian empfiehlt Musik, die beide K\u00fcnstler besonders bewegt. Dazu musizieren sie oder legen auf und mehr noch: Sie tauschen sich aus, erz\u00e4hlen und diskutieren &#8211; \u00fcber eindrucksvolle Konzerterfahrungen und das Musikerdasein, \u00fcber H\u00f6rgewohnheiten, Krisen und Lieblingsplatten. Ganz nach den klugen Worten des unvergessenen Roger Willemsen: \u201eMusik ernst nehmen hei\u00dft sie pers\u00f6nlich nehmen\u201c. Der Abend m\u00f6chte Interesse wecken an ganz unterschiedlichen Musikstilen und dazu anregen, \u00fcber Musik \u2013 und nicht nur dar\u00fcber \u2013 wieder ins Gespr\u00e4ch zu kommen &#8230; Und was h\u00f6rst du?<\/a><\/p>\n","protected":false},"excerpt":{"rendered":"<p>Vibe Festival beginnt mit zwei Veranstaltungen: Freitag, 01.09. 19 Uhr, Christus- und Garnisonkirche Mia Knop Jacobsen &amp; Hauke Renken und Collegium Vocale Jever The Choir Project Mit einem besonderen musikalischen Leckerbissen startet das Festival in die dritte Saison: Das renommierte Berliner Duo Mia Knop Jacobsen (Gesang) &amp; Hauke Renken (Vibraphon) trifft auf den Chor Collegium Vocale Jever unter der Leitung von Simon Kasper. Gemeinsam verleihen sie ber\u00fchmten Werken der Klassik von Beethoven, Brahms oder Rachmaninow eine eigene, ganz pers\u00f6nliche Note &#8211; und das mit viel Feingef\u00fchl, Kreativit\u00e4t und untr\u00fcglichem musikalischen Instinkt. Alle Arrangements und fast alle Texte, die u. a&#8230;.<\/p>\n","protected":false},"author":6,"featured_media":0,"comment_status":"false","ping_status":"open","sticky":false,"template":"","format":"standard","meta":{"footnotes":""},"categories":[75],"tags":[76],"class_list":["post-24986","post","type-post","status-publish","format-standard","hentry","category-havenkirche","tag-havenkirche"],"_links":{"self":[{"href":"https:\/\/christusnews.de\/site\/wp-json\/wp\/v2\/posts\/24986","targetHints":{"allow":["GET"]}}],"collection":[{"href":"https:\/\/christusnews.de\/site\/wp-json\/wp\/v2\/posts"}],"about":[{"href":"https:\/\/christusnews.de\/site\/wp-json\/wp\/v2\/types\/post"}],"author":[{"embeddable":true,"href":"https:\/\/christusnews.de\/site\/wp-json\/wp\/v2\/users\/6"}],"replies":[{"embeddable":true,"href":"https:\/\/christusnews.de\/site\/wp-json\/wp\/v2\/comments?post=24986"}],"version-history":[{"count":1,"href":"https:\/\/christusnews.de\/site\/wp-json\/wp\/v2\/posts\/24986\/revisions"}],"predecessor-version":[{"id":24987,"href":"https:\/\/christusnews.de\/site\/wp-json\/wp\/v2\/posts\/24986\/revisions\/24987"}],"wp:attachment":[{"href":"https:\/\/christusnews.de\/site\/wp-json\/wp\/v2\/media?parent=24986"}],"wp:term":[{"taxonomy":"category","embeddable":true,"href":"https:\/\/christusnews.de\/site\/wp-json\/wp\/v2\/categories?post=24986"},{"taxonomy":"post_tag","embeddable":true,"href":"https:\/\/christusnews.de\/site\/wp-json\/wp\/v2\/tags?post=24986"}],"curies":[{"name":"wp","href":"https:\/\/api.w.org\/{rel}","templated":true}]}}