{"id":24988,"date":"2023-09-01T15:28:18","date_gmt":"2023-09-01T13:28:18","guid":{"rendered":"https:\/\/christusnews.de\/site\/klimaschutz-wissenschaftler-erwartet-von-kirchen-vorreiterrolle\/"},"modified":"2023-09-02T11:17:34","modified_gmt":"2023-09-02T09:17:34","slug":"klimaschutz-wissenschaftler-erwartet-von-kirchen-vorreiterrolle","status":"publish","type":"post","link":"https:\/\/christusnews.de\/site\/klimaschutz-wissenschaftler-erwartet-von-kirchen-vorreiterrolle\/","title":{"rendered":"Klimaschutz: Wissenschaftler erwartet von Kirchen Vorreiterrolle"},"content":{"rendered":"<p class=\"MsoPlainText\">Bremen (epd). Die christlichen Kirchen m\u00fcssen aus Sicht des Potsdamer Klimafolgenforschers Professor Wolfgang Lucht im Klimaschutz eine Vorreiterrolle \u00fcbernehmen. In Zeiten der zunehmenden Zerst\u00f6rung komme den Kirchen als Gemeinschaften des Lebens eine zentrale Bedeutung zu, sagte der Wissenschaftler am Freitag anl\u00e4sslich der Hauptfeier zum bundesweiten \u00f6kumenischen \u00abTag der Sch\u00f6pfung\u00bb der Arbeitsgemeinschaft Christlicher Kirchen (ACK) in Bremen.<\/p>\n<p class=\"MsoPlainText\">&nbsp;<\/p>\n<p class=\"MsoPlainText\">\u00abWenn sie auf die Gr\u00fcnde unserer Verantwortung hinweisen und sie vorleben, liegt darin auch eine Chance f\u00fcr ihre Erneuerung\u00bb, erkl\u00e4rte Lucht, der auch Mitglied des Sachverst\u00e4ndigenrates f\u00fcr Umweltfragen der Bundesregierung ist. Er bekr\u00e4ftigte: \u00abDie beste Wissenschaft von der Erde und die beste christliche Theologie vom Menschen m\u00fcssen angesichts der Krise eine kosmologische Verbindung eingehen, die Zukunft hat.\u00bb<\/p>\n<p class=\"MsoPlainText\">&nbsp;<\/p>\n<p class=\"MsoPlainText\">Unter dem Motto \u00abDamit ihr das Leben in F\u00fclle habt\u00bb feierte die ACK als H\u00f6hepunkt des Sch\u00f6pfungstages einen \u00f6kumenischen Gottesdienst im Bremer Dom. Der Tag ist im Kirchenjahr der Auftakt zur sogenannten \u00abSch\u00f6pfungszeit\u00bb: Bis zum 4. Oktober wird weltweit dazu aufgerufen, f\u00fcr den Schutz der Sch\u00f6pfung Gottes zu beten und praktische Taten folgen zu lassen.<\/p>\n<p class=\"MsoPlainText\">&nbsp;<\/p>\n<p class=\"MsoPlainText\">\u00abDie alte Wachstumsidee f\u00fchrt in eine Sackgasse\u00bb, warnte Bremens leitender evangelischer Theologe Bernd Kuschnerus laut Predigtmanuskript im Gottesdienst. Er rief dazu auf, \u00abneu dar\u00fcber nachzudenken, was ein erf\u00fclltes Leben ist\u00bb. F\u00fcr ihn steht fest: \u00abEs ist ein Leben in Beziehungen, in gerechten Beziehungen mit anderen Menschen und in der Achtung vor allen Gesch\u00f6pfen.\u00bb Er rief dazu auf, sich auf demokratischen Wegen \u00abgemeinsam f\u00fcr den Erhalt unserer Lebensgrundlagen und f\u00fcr Gerechtigkeit stark zu machen\u00bb.<\/p>\n<p class=\"MsoPlainText\">&nbsp;<\/p>\n<p class=\"MsoPlainText\">Der Vorsitzende der ACK in Deutschland, Erzpriester Radu Constantin Miron, warnte in diesem Zusammenhang, das Streben nach schnellem Gl\u00fcck und der Materialismus seien Beispiele f\u00fcr eine Kultur der Probleme statt der L\u00f6sungen. Die Bremer ACK-Vorsitzende Kirsten Locker erg\u00e4nzte: \u00abDer Tag der Sch\u00f6pfung soll ein Zeichen setzen, dass die Kirchen konfessions\u00fcbergreifend, aus gemeinsamer christlicher \u00dcberzeugung, Verantwortung f\u00fcr Welt und Umwelt \u00fcbernehmen.\u00bb<\/p>\n<p class=\"MsoPlainText\">&nbsp;<\/p>\n<p class=\"MsoPlainText\">2024 soll der \u00abTag der Sch\u00f6pfung\u00bb am 6. September im brandenburgischen Eberswalde gefeiert werden. Kooperationspartner dort sind der \u00d6kumenische Rat Berlin-Brandenburg und die Hochschule f\u00fcr Nachhaltige Entwicklung Eberswalde.<\/p>\n<p>Kirche-Oldenburg<br \/>\n<a href=\"https:\/\/www.kirche-oldenburg.de\/\/aktuell\/news-niedersachsen\/artikel\/klimaschutz-wissenschaftler-erwartet-von-kirchen-vorreiterrolle\" target=\"_blank\" rel=\"noopener\">Klimaschutz: Wissenschaftler erwartet von Kirchen Vorreiterrolle<\/a><\/p>\n","protected":false},"excerpt":{"rendered":"<p>Bremen (epd). Die christlichen Kirchen m\u00fcssen aus Sicht des Potsdamer Klimafolgenforschers Professor Wolfgang Lucht im Klimaschutz eine Vorreiterrolle \u00fcbernehmen. In Zeiten der zunehmenden Zerst\u00f6rung komme den Kirchen als Gemeinschaften des Lebens eine zentrale Bedeutung zu, sagte der Wissenschaftler am Freitag anl\u00e4sslich der Hauptfeier zum bundesweiten \u00f6kumenischen \u00abTag der Sch\u00f6pfung\u00bb der Arbeitsgemeinschaft Christlicher Kirchen (ACK) in Bremen. &nbsp; \u00abWenn sie auf die Gr\u00fcnde unserer Verantwortung hinweisen und sie vorleben, liegt darin auch eine Chance f\u00fcr ihre Erneuerung\u00bb, erkl\u00e4rte Lucht, der auch Mitglied des Sachverst\u00e4ndigenrates f\u00fcr Umweltfragen der Bundesregierung ist. Er bekr\u00e4ftigte: \u00abDie beste Wissenschaft von der Erde und die beste christliche&#8230;<\/p>\n","protected":false},"author":7,"featured_media":0,"comment_status":"false","ping_status":"open","sticky":false,"template":"","format":"standard","meta":{"footnotes":""},"categories":[43],"tags":[44],"class_list":["post-24988","post","type-post","status-publish","format-standard","hentry","category-kirche-oldenburg","tag-kirche-oldenburg"],"_links":{"self":[{"href":"https:\/\/christusnews.de\/site\/wp-json\/wp\/v2\/posts\/24988","targetHints":{"allow":["GET"]}}],"collection":[{"href":"https:\/\/christusnews.de\/site\/wp-json\/wp\/v2\/posts"}],"about":[{"href":"https:\/\/christusnews.de\/site\/wp-json\/wp\/v2\/types\/post"}],"author":[{"embeddable":true,"href":"https:\/\/christusnews.de\/site\/wp-json\/wp\/v2\/users\/7"}],"replies":[{"embeddable":true,"href":"https:\/\/christusnews.de\/site\/wp-json\/wp\/v2\/comments?post=24988"}],"version-history":[{"count":1,"href":"https:\/\/christusnews.de\/site\/wp-json\/wp\/v2\/posts\/24988\/revisions"}],"predecessor-version":[{"id":24989,"href":"https:\/\/christusnews.de\/site\/wp-json\/wp\/v2\/posts\/24988\/revisions\/24989"}],"wp:attachment":[{"href":"https:\/\/christusnews.de\/site\/wp-json\/wp\/v2\/media?parent=24988"}],"wp:term":[{"taxonomy":"category","embeddable":true,"href":"https:\/\/christusnews.de\/site\/wp-json\/wp\/v2\/categories?post=24988"},{"taxonomy":"post_tag","embeddable":true,"href":"https:\/\/christusnews.de\/site\/wp-json\/wp\/v2\/tags?post=24988"}],"curies":[{"name":"wp","href":"https:\/\/api.w.org\/{rel}","templated":true}]}}