{"id":24990,"date":"2023-09-01T15:26:25","date_gmt":"2023-09-01T13:26:25","guid":{"rendered":"https:\/\/christusnews.de\/site\/diakonie-und-kirche-kritisieren-reine-vertreibungspolitik\/"},"modified":"2023-09-02T11:17:35","modified_gmt":"2023-09-02T09:17:35","slug":"diakonie-und-kirche-kritisieren-reine-vertreibungspolitik","status":"publish","type":"post","link":"https:\/\/christusnews.de\/site\/diakonie-und-kirche-kritisieren-reine-vertreibungspolitik\/","title":{"rendered":"Diakonie und Kirche kritisieren \u00abreine Vertreibungspolitik\u00bb"},"content":{"rendered":"<p class=\"MsoPlainText\">Bremen (epd). Landesdiakoniepastorin Karin Altenfelder fordert eine Kurs\u00e4nderung im Umgang der Politik mit wohnungslosen, obdachlosen und s\u00fcchtigen Menschen am Bremer Hauptbahnhof. \u00abDie reine Vertreibungspolitik hat uns bislang keinen Schritt weitergebracht\u00bb, kritisierte Altenfelder am Freitag mit Blick auf den \u00abTag der Wohnungslosen\u00bb am 11. September. Ein blo\u00dfes \u00abEntsorgen\u00bb werde das Problem niemals l\u00f6sen: \u00abEs m\u00fcssen Akzeptanzr\u00e4ume geschaffen werden, und die k\u00f6nnen nicht am Stadtrand liegen.\u00bb<\/p>\n<p class=\"MsoPlainText\">&nbsp;<\/p>\n<p class=\"MsoPlainText\">F\u00fcr Menschen ohne ein eigenes Dach \u00fcber dem Kopf sei der Bahnhof \u00abdas Wohnzimmer\u00bb, bekr\u00e4ftigte die Diakoniepastorin. \u00abDer Bahnhof muss f\u00fcr alle Bremerinnen und Bremer und alle G\u00e4ste ein akzeptables Umfeld sein.\u00bb Bremens leitender evangelischer Theologe Bernd Kuschnerus sagte, das Schicksal wohnungsloser Menschen d\u00fcrfe nicht nur durch die Schuld- und Kriminalit\u00e4tsbrille betrachtet werden. N\u00f6tig seien nachhaltige Strategien.<\/p>\n<p class=\"MsoPlainText\">&nbsp;<\/p>\n<p class=\"MsoPlainText\">Altenfelder findet es bemerkenswert, wie viele Unterst\u00fctzende es gibt, eine Wertsch\u00e4tzung ihrer Arbeit durch die Beh\u00f6rden vermisst sie allerdings. Der vermehrt ge\u00e4u\u00dferte Vorwurf, zeitlich begrenzte Essensausgaben wie zum Beispiel die des K\u00e4ltebusses der Johanniter w\u00fcrden Wohnungslose an den Hauptbahnhof \u00ablocken\u00bb, bezeichnete sie als haltlos. Obdachlose hielten sich sowieso dort auf, w\u00fcrden aber durch das Engagement \u00fcberwiegend Ehrenamtlicher zumindest kurzfristig Menschlichkeit erfahren.<\/p>\n<p class=\"MsoPlainText\">&nbsp;<\/p>\n<p class=\"MsoPlainText\">Die leitende Theologin w\u00fcnscht sich f\u00fcr den Hauptbahnhof eine Langzeit-Strategie. \u00abDiese zu erarbeiten, ist Aufgabe der Beh\u00f6rden.\u00bb Die Diakonie unterst\u00fctze dabei gerne. So k\u00f6nne auf Dauer ein besseres Klima entstehen. \u00abUnd dies kommt nicht nur den Wohnungslosen zugute, sondern auch allen, die den Hauptbahnhof t\u00e4glich passieren, wenn sie auf dem Weg in ihr Zuhause sind.\u00bb<\/p>\n<p class=\"MsoPlainText\">&nbsp;<\/p>\n<p class=\"MsoPlainText\">Kuschnerus forderte, die Kommune m\u00fcsse die Wohnungslosigkeit durch ausreichend sozialen Wohnungsbau wirkungsvoll bek\u00e4mpfen und soziale Initiativen st\u00e4rken. Die Mittel f\u00fcr die Schuldnerberatungen m\u00fcssten verst\u00e4rkt, diakonische Angebote rund um den Bahnhof d\u00fcrften nicht behindert werden: \u00abDaf\u00fcr muss im Haushalt ausreichend Geld bereitgestellt werden. In Zeiten knapper Kassen ist diese gesellschaftspolitische Aufgabe aus meiner Sicht unerl\u00e4sslich.\u00bb<\/p>\n<p>Kirche-Oldenburg<br \/>\n<a href=\"https:\/\/www.kirche-oldenburg.de\/\/aktuell\/news-niedersachsen\/artikel\/diakonie-und-kirche-kritisieren-reine-vertreibungspolitik\" target=\"_blank\" rel=\"noopener\">Diakonie und Kirche kritisieren \u00abreine Vertreibungspolitik\u00bb<\/a><\/p>\n","protected":false},"excerpt":{"rendered":"<p>Bremen (epd). Landesdiakoniepastorin Karin Altenfelder fordert eine Kurs\u00e4nderung im Umgang der Politik mit wohnungslosen, obdachlosen und s\u00fcchtigen Menschen am Bremer Hauptbahnhof. \u00abDie reine Vertreibungspolitik hat uns bislang keinen Schritt weitergebracht\u00bb, kritisierte Altenfelder am Freitag mit Blick auf den \u00abTag der Wohnungslosen\u00bb am 11. September. Ein blo\u00dfes \u00abEntsorgen\u00bb werde das Problem niemals l\u00f6sen: \u00abEs m\u00fcssen Akzeptanzr\u00e4ume geschaffen werden, und die k\u00f6nnen nicht am Stadtrand liegen.\u00bb &nbsp; F\u00fcr Menschen ohne ein eigenes Dach \u00fcber dem Kopf sei der Bahnhof \u00abdas Wohnzimmer\u00bb, bekr\u00e4ftigte die Diakoniepastorin. \u00abDer Bahnhof muss f\u00fcr alle Bremerinnen und Bremer und alle G\u00e4ste ein akzeptables Umfeld sein.\u00bb Bremens leitender evangelischer&#8230;<\/p>\n","protected":false},"author":7,"featured_media":0,"comment_status":"false","ping_status":"open","sticky":false,"template":"","format":"standard","meta":{"footnotes":""},"categories":[43],"tags":[44],"class_list":["post-24990","post","type-post","status-publish","format-standard","hentry","category-kirche-oldenburg","tag-kirche-oldenburg"],"_links":{"self":[{"href":"https:\/\/christusnews.de\/site\/wp-json\/wp\/v2\/posts\/24990","targetHints":{"allow":["GET"]}}],"collection":[{"href":"https:\/\/christusnews.de\/site\/wp-json\/wp\/v2\/posts"}],"about":[{"href":"https:\/\/christusnews.de\/site\/wp-json\/wp\/v2\/types\/post"}],"author":[{"embeddable":true,"href":"https:\/\/christusnews.de\/site\/wp-json\/wp\/v2\/users\/7"}],"replies":[{"embeddable":true,"href":"https:\/\/christusnews.de\/site\/wp-json\/wp\/v2\/comments?post=24990"}],"version-history":[{"count":1,"href":"https:\/\/christusnews.de\/site\/wp-json\/wp\/v2\/posts\/24990\/revisions"}],"predecessor-version":[{"id":24991,"href":"https:\/\/christusnews.de\/site\/wp-json\/wp\/v2\/posts\/24990\/revisions\/24991"}],"wp:attachment":[{"href":"https:\/\/christusnews.de\/site\/wp-json\/wp\/v2\/media?parent=24990"}],"wp:term":[{"taxonomy":"category","embeddable":true,"href":"https:\/\/christusnews.de\/site\/wp-json\/wp\/v2\/categories?post=24990"},{"taxonomy":"post_tag","embeddable":true,"href":"https:\/\/christusnews.de\/site\/wp-json\/wp\/v2\/tags?post=24990"}],"curies":[{"name":"wp","href":"https:\/\/api.w.org\/{rel}","templated":true}]}}