{"id":25005,"date":"2023-09-04T20:40:14","date_gmt":"2023-09-04T18:40:14","guid":{"rendered":"https:\/\/christusnews.de\/site\/lebenstraum\/"},"modified":"2023-09-04T23:18:13","modified_gmt":"2023-09-04T21:18:13","slug":"lebenstraum","status":"publish","type":"post","link":"https:\/\/christusnews.de\/site\/lebenstraum\/","title":{"rendered":"\u201eLebens(T)raum\u201c"},"content":{"rendered":"<p>Am vergangenen Samstag, den 2. September, fand im Ev. Bildungshaus Rastede das 6. Frauenfestival \u201eLebens(T)raum\u201c statt. Unter der Leitung der kompetenten P\u00e4dagogin Heike Scharf, bot dieses Festival ein vielf\u00e4ltiges Programm mit \u00fcber 50 inspirierenden Workshops exklusiv f\u00fcr Frauen an.<br \/>\n&nbsp; &nbsp;<br \/>\nDas diesj\u00e4hrige Festival zog mehr als 150 begeisterte Teilnehmerinnen aus der Region an, die gekommen waren, um sich zu vernetzen, zu lernen und ihre Interessen zu teilen. Unter dem Motto \u201eLebens(T)raum\u201c er\u00f6ffnete das Festival Raum f\u00fcr Frauen, um ihre Tr\u00e4ume und Leidenschaften zu erkunden, ihre F\u00e4higkeiten zu st\u00e4rken und sich gegenseitig zu unterst\u00fctzen.<br \/>\n&nbsp; &nbsp;<br \/>\nDie Veranstaltung bot eine breite Palette von Workshops zu Themen wie Selbstentwicklung, Gesundheit und Wellness, berufliche Weiterentwicklung, Kunst und Kreativit\u00e4t, sowie Diskussionsrunden zu aktuellen frauenrelevanten Fragen. Die Workshops wurden von erfahrenen Expertinnen geleitet und boten den Teilnehmerinnen die M\u00f6glichkeit, neue Fertigkeiten zu erlernen und tiefgehende Gespr\u00e4che zu f\u00fchren.<br \/>\nHeike Scharf, Initiatorin des Festivals, \u00e4u\u00dferte sich erfreut \u00fcber den Erfolg der Veranstaltung: \u201eDas 6. Frauenfestival \u201aLebens(T)raum\u2018 hat wieder einmal gezeigt, wie wichtig es ist, einen sicheren und inspirierenden Raum f\u00fcr Frauen zu schaffen. Wir sind stolz darauf, Frauen zusammenzubringen, um sich gegenseitig zu unterst\u00fctzen und zu ermutigen.\u201c<br \/>\n&nbsp; &nbsp;<br \/>\nDie Teilnehmerinnen zeigten sich gleicherma\u00dfen begeistert von der Veranstaltung. \u201eIch habe so viel \u00fcber mich selbst gelernt und neue Freundinnen gefunden\u201c, sagte eine der Festivalteilnehmerinnen. \u201eEs ist ermutigend zu sehen, wie viele starke und inspirierende Frauen es gibt.\u201c<br \/>\n&nbsp; &nbsp;<br \/>\nDas 6. Frauenfestival \u201eLebens(T)raum\u201c war ein gro\u00dfer Erfolg und hat einmal mehr gezeigt, wie wichtig es ist, Frauen eine Plattform zu bieten, um sich zu entfalten und zu wachsen. Die Organisatoren freuen sich bereits auf das n\u00e4chste Festival und planen, das Angebot noch weiter auszubauen. Das Festival von Frauen f\u00fcr Frauen findet alle zwei Jahre im Wechsel mit dem ebenfalls von Heike Scharf organisierten \u201eSpielmarkt\u201c statt.<br \/>\n&nbsp; &nbsp;<br \/>\n<em>Ein Beitrag von Pia Alder<\/em><\/p>\n<p>Kirche-Oldenburg<br \/>\n<a href=\"https:\/\/www.kirche-oldenburg.de\/\/aktuell\/pressemitteilungen\/artikel\/lebenstraum\" target=\"_blank\" rel=\"noopener\">\u201eLebens(T)raum\u201c<\/a><\/p>\n","protected":false},"excerpt":{"rendered":"<p>Am vergangenen Samstag, den 2. September, fand im Ev. Bildungshaus Rastede das 6. Frauenfestival \u201eLebens(T)raum\u201c statt. Unter der Leitung der kompetenten P\u00e4dagogin Heike Scharf, bot dieses Festival ein vielf\u00e4ltiges Programm mit \u00fcber 50 inspirierenden Workshops exklusiv f\u00fcr Frauen an. &nbsp; &nbsp; Das diesj\u00e4hrige Festival zog mehr als 150 begeisterte Teilnehmerinnen aus der Region an, die gekommen waren, um sich zu vernetzen, zu lernen und ihre Interessen zu teilen. Unter dem Motto \u201eLebens(T)raum\u201c er\u00f6ffnete das Festival Raum f\u00fcr Frauen, um ihre Tr\u00e4ume und Leidenschaften zu erkunden, ihre F\u00e4higkeiten zu st\u00e4rken und sich gegenseitig zu unterst\u00fctzen. &nbsp; &nbsp; Die Veranstaltung bot eine&#8230;<\/p>\n","protected":false},"author":7,"featured_media":0,"comment_status":"false","ping_status":"open","sticky":false,"template":"","format":"standard","meta":{"footnotes":""},"categories":[43],"tags":[44],"class_list":["post-25005","post","type-post","status-publish","format-standard","hentry","category-kirche-oldenburg","tag-kirche-oldenburg"],"_links":{"self":[{"href":"https:\/\/christusnews.de\/site\/wp-json\/wp\/v2\/posts\/25005","targetHints":{"allow":["GET"]}}],"collection":[{"href":"https:\/\/christusnews.de\/site\/wp-json\/wp\/v2\/posts"}],"about":[{"href":"https:\/\/christusnews.de\/site\/wp-json\/wp\/v2\/types\/post"}],"author":[{"embeddable":true,"href":"https:\/\/christusnews.de\/site\/wp-json\/wp\/v2\/users\/7"}],"replies":[{"embeddable":true,"href":"https:\/\/christusnews.de\/site\/wp-json\/wp\/v2\/comments?post=25005"}],"version-history":[{"count":1,"href":"https:\/\/christusnews.de\/site\/wp-json\/wp\/v2\/posts\/25005\/revisions"}],"predecessor-version":[{"id":25006,"href":"https:\/\/christusnews.de\/site\/wp-json\/wp\/v2\/posts\/25005\/revisions\/25006"}],"wp:attachment":[{"href":"https:\/\/christusnews.de\/site\/wp-json\/wp\/v2\/media?parent=25005"}],"wp:term":[{"taxonomy":"category","embeddable":true,"href":"https:\/\/christusnews.de\/site\/wp-json\/wp\/v2\/categories?post=25005"},{"taxonomy":"post_tag","embeddable":true,"href":"https:\/\/christusnews.de\/site\/wp-json\/wp\/v2\/tags?post=25005"}],"curies":[{"name":"wp","href":"https:\/\/api.w.org\/{rel}","templated":true}]}}