{"id":25007,"date":"2023-09-03T11:32:00","date_gmt":"2023-09-03T09:32:00","guid":{"rendered":"https:\/\/christusnews.de\/site\/woche-der-diakonie-in-niedersachsen-gestartet\/"},"modified":"2023-09-04T23:18:14","modified_gmt":"2023-09-04T21:18:14","slug":"woche-der-diakonie-in-niedersachsen-gestartet","status":"publish","type":"post","link":"https:\/\/christusnews.de\/site\/woche-der-diakonie-in-niedersachsen-gestartet\/","title":{"rendered":"\u00abWoche der Diakonie\u00bb in Niedersachsen gestartet"},"content":{"rendered":"<p class=\"MsoPlainText\">Braunschweig\/Hannover (epd). Die diesj\u00e4hrige landesweite \u00abWoche der Diakonie\u00bb hat am Sonntag mit Gottesdiensten in Braunschweig und Hannover begonnen. Die Vorst\u00e4ndin des Diakonischen Werks in Niedersachsen, Oberkirchenr\u00e4tin Uta Hirschler, warb im Braunschweiger Dom f\u00fcr mehr Mitgef\u00fchl gegen\u00fcber hilfsbed\u00fcrftigen Menschen. Sie warnte vor Vorurteilen und dem Sch\u00fcren von \u00c4ngsten. Das f\u00fchre zu einer Abwertung und Ausgrenzung von Menschen. In Hannover erinnerte in der Christuskirche der Vorstandssprecher der Diakonie Niedersachsen, Hans-Joachim Lenke, daran, dass die Diakonie immer wieder auf die neuen Lebenswirklichkeiten verantwortungsbewusst reagieren m\u00fcsse. So \u00fcbernehme sie Verantwortung f\u00fcr das gesellschaftliche Miteinander.<\/p>\n<p class=\"MsoPlainText\">&nbsp;<\/p>\n<p class=\"MsoPlainText\">Bis zum 10. September erinnert die \u00abWoche der Diakonie\u00bb unter dem Motto \u00abAus Liebe\u00bb an das 175-j\u00e4hrige Bestehen des evangelischen Hilfswerks. Es geht zur\u00fcck auf die Gr\u00fcndung der \u00abInneren Mission\u00bb beim Evangelischen Kirchentag 1848 in Wittenberg, ma\u00dfgeblich beeinflusst von dem evangelischen Theologen und Sozialreformer Johann Hinrich Wichern (1808-1881). In Niedersachsen sind zahlreiche weitere Gottesdienste und Veranstaltungen im Rahmen der bundesweiten Kampagne zum Jubil\u00e4um geplant.<\/p>\n<p class=\"MsoPlainText\">&nbsp;<\/p>\n<p class=\"MsoPlainText\">Das Diakonische Werk evangelischer Kirchen in Niedersachsen vereint 595 Mitgliedsorganisationen und mehr als 89.000 beruflich Besch\u00e4ftigten sowie vielen freiwilligen Helferinnen und Helfern. Landesweit z\u00e4hlt es zu den gr\u00f6\u00dften Wohlfahrtsverb\u00e4nden.<\/p>\n<p class=\"MsoPlainText\">&nbsp;<\/p>\n<p>Kirche-Oldenburg<br \/>\n<a href=\"https:\/\/www.kirche-oldenburg.de\/\/aktuell\/news-niedersachsen\/artikel\/woche-der-diakonie-in-niedersachsen-gestartet\" target=\"_blank\" rel=\"noopener\">\u00abWoche der Diakonie\u00bb in Niedersachsen gestartet<\/a><\/p>\n","protected":false},"excerpt":{"rendered":"<p>Braunschweig\/Hannover (epd). Die diesj\u00e4hrige landesweite \u00abWoche der Diakonie\u00bb hat am Sonntag mit Gottesdiensten in Braunschweig und Hannover begonnen. Die Vorst\u00e4ndin des Diakonischen Werks in Niedersachsen, Oberkirchenr\u00e4tin Uta Hirschler, warb im Braunschweiger Dom f\u00fcr mehr Mitgef\u00fchl gegen\u00fcber hilfsbed\u00fcrftigen Menschen. Sie warnte vor Vorurteilen und dem Sch\u00fcren von \u00c4ngsten. Das f\u00fchre zu einer Abwertung und Ausgrenzung von Menschen. In Hannover erinnerte in der Christuskirche der Vorstandssprecher der Diakonie Niedersachsen, Hans-Joachim Lenke, daran, dass die Diakonie immer wieder auf die neuen Lebenswirklichkeiten verantwortungsbewusst reagieren m\u00fcsse. So \u00fcbernehme sie Verantwortung f\u00fcr das gesellschaftliche Miteinander. &nbsp; Bis zum 10. September erinnert die \u00abWoche der Diakonie\u00bb&#8230;<\/p>\n","protected":false},"author":7,"featured_media":0,"comment_status":"false","ping_status":"open","sticky":false,"template":"","format":"standard","meta":{"footnotes":""},"categories":[43],"tags":[44],"class_list":["post-25007","post","type-post","status-publish","format-standard","hentry","category-kirche-oldenburg","tag-kirche-oldenburg"],"_links":{"self":[{"href":"https:\/\/christusnews.de\/site\/wp-json\/wp\/v2\/posts\/25007","targetHints":{"allow":["GET"]}}],"collection":[{"href":"https:\/\/christusnews.de\/site\/wp-json\/wp\/v2\/posts"}],"about":[{"href":"https:\/\/christusnews.de\/site\/wp-json\/wp\/v2\/types\/post"}],"author":[{"embeddable":true,"href":"https:\/\/christusnews.de\/site\/wp-json\/wp\/v2\/users\/7"}],"replies":[{"embeddable":true,"href":"https:\/\/christusnews.de\/site\/wp-json\/wp\/v2\/comments?post=25007"}],"version-history":[{"count":1,"href":"https:\/\/christusnews.de\/site\/wp-json\/wp\/v2\/posts\/25007\/revisions"}],"predecessor-version":[{"id":25008,"href":"https:\/\/christusnews.de\/site\/wp-json\/wp\/v2\/posts\/25007\/revisions\/25008"}],"wp:attachment":[{"href":"https:\/\/christusnews.de\/site\/wp-json\/wp\/v2\/media?parent=25007"}],"wp:term":[{"taxonomy":"category","embeddable":true,"href":"https:\/\/christusnews.de\/site\/wp-json\/wp\/v2\/categories?post=25007"},{"taxonomy":"post_tag","embeddable":true,"href":"https:\/\/christusnews.de\/site\/wp-json\/wp\/v2\/tags?post=25007"}],"curies":[{"name":"wp","href":"https:\/\/api.w.org\/{rel}","templated":true}]}}