{"id":25009,"date":"2023-09-02T11:31:00","date_gmt":"2023-09-02T09:31:00","guid":{"rendered":"https:\/\/christusnews.de\/site\/pflichtdienst-diakoniesprecher-haelt-nichts-von-steinmeier-vorschlag\/"},"modified":"2023-09-04T23:18:14","modified_gmt":"2023-09-04T21:18:14","slug":"pflichtdienst-diakoniesprecher-haelt-nichts-von-steinmeier-vorschlag","status":"publish","type":"post","link":"https:\/\/christusnews.de\/site\/pflichtdienst-diakoniesprecher-haelt-nichts-von-steinmeier-vorschlag\/","title":{"rendered":"Pflichtdienst: Diakoniesprecher h\u00e4lt nichts von Steinmeier-Vorschlag"},"content":{"rendered":"<p class=\"MsoPlainText\">Hannover (epd). Der nieders\u00e4chsische Diakonie-Vorstandssprecher Hans-Joachim Lenke h\u00e4lt wenig von Frank-Walter Steinmeiers Vorschlag zu einer sozialen Pflichtzeit. Mit Blick auf den aktuellen Haushaltsentwurf des Bundes sei der erneute Vorsto\u00df des Bundespr\u00e4sidenten \u00abwidersinnig\u00bb, sagte Lenke am Sonnabend auf epd-Anfrage. Der Spiegel hatte zuvor berichtet, Steinmeier wolle seine Bem\u00fchungen um eine soziale Pflichtzeit f\u00fcr alle B\u00fcrgerinnen und B\u00fcrger intensivieren.<\/p>\n<p class=\"MsoPlainText\">&nbsp;<\/p>\n<p class=\"MsoPlainText\">Lenke kritisierte: \u00abInsbesondere von jungen Menschen wird mehr Engagement eingefordert, aber gleichzeitig wird ihnen durch massive Haushaltsk\u00fcrzungen beim Freiwilligendienst die M\u00f6glichkeit genommen, sich in die Gesellschaft freiwillig einzubringen.\u00bb Auch mit Blick auf die \u00c4lteren \u00e4u\u00dferte sich der Vorstandssprecher des Diakonischen Werkes in Niedersachsen skeptisch. Unter den Erwachsenen gebe es bereits viele, die sich ehrenamtlich engagieren. \u00abEin altersunabh\u00e4ngiges Pflichtengagement w\u00e4re nicht nur ein erheblicher b\u00fcrokratischer Aufwand, auch wird nicht dar\u00fcber nachgedacht, wie dies sowohl mit den bereits bestehenden Ehren\u00e4mtern sowie der beruflichen T\u00e4tigkeit zu vereinbaren sei.\u00bb<\/p>\n<p class=\"MsoPlainText\">&nbsp;<\/p>\n<p class=\"MsoPlainText\">Laut Spiegel hat der Bundespr\u00e4sident am kommenden Mittwoch den Bundestagsunterausschuss B\u00fcrgerschaftliches Engagement ins Schloss Bellevue eingeladen, um \u00fcber das Vorhaben zu sprechen. Im Herbst solle ein Treffen mit den kommunalen Spitzenverb\u00e4nden folgen. Lenke legte Steinmeier nahe, auch die Wohlfahrtsverb\u00e4nde zu h\u00f6ren. Diese stellten einen erheblichen Anteil der Stellen in den Freiwilligendiensten zur Verf\u00fcgung und h\u00e4tten entsprechende Erfahrungen.<\/p>\n<p>Kirche-Oldenburg<br \/>\n<a href=\"https:\/\/www.kirche-oldenburg.de\/\/aktuell\/news-niedersachsen\/artikel\/pflichtdienst-diakoniesprecher-haelt-nichts-von-steinmeier-vorschlag\" target=\"_blank\" rel=\"noopener\">Pflichtdienst: Diakoniesprecher h\u00e4lt nichts von Steinmeier-Vorschlag<\/a><\/p>\n","protected":false},"excerpt":{"rendered":"<p>Hannover (epd). Der nieders\u00e4chsische Diakonie-Vorstandssprecher Hans-Joachim Lenke h\u00e4lt wenig von Frank-Walter Steinmeiers Vorschlag zu einer sozialen Pflichtzeit. Mit Blick auf den aktuellen Haushaltsentwurf des Bundes sei der erneute Vorsto\u00df des Bundespr\u00e4sidenten \u00abwidersinnig\u00bb, sagte Lenke am Sonnabend auf epd-Anfrage. Der Spiegel hatte zuvor berichtet, Steinmeier wolle seine Bem\u00fchungen um eine soziale Pflichtzeit f\u00fcr alle B\u00fcrgerinnen und B\u00fcrger intensivieren. &nbsp; Lenke kritisierte: \u00abInsbesondere von jungen Menschen wird mehr Engagement eingefordert, aber gleichzeitig wird ihnen durch massive Haushaltsk\u00fcrzungen beim Freiwilligendienst die M\u00f6glichkeit genommen, sich in die Gesellschaft freiwillig einzubringen.\u00bb Auch mit Blick auf die \u00c4lteren \u00e4u\u00dferte sich der Vorstandssprecher des Diakonischen Werkes in&#8230;<\/p>\n","protected":false},"author":7,"featured_media":0,"comment_status":"false","ping_status":"open","sticky":false,"template":"","format":"standard","meta":{"footnotes":""},"categories":[43],"tags":[44],"class_list":["post-25009","post","type-post","status-publish","format-standard","hentry","category-kirche-oldenburg","tag-kirche-oldenburg"],"_links":{"self":[{"href":"https:\/\/christusnews.de\/site\/wp-json\/wp\/v2\/posts\/25009","targetHints":{"allow":["GET"]}}],"collection":[{"href":"https:\/\/christusnews.de\/site\/wp-json\/wp\/v2\/posts"}],"about":[{"href":"https:\/\/christusnews.de\/site\/wp-json\/wp\/v2\/types\/post"}],"author":[{"embeddable":true,"href":"https:\/\/christusnews.de\/site\/wp-json\/wp\/v2\/users\/7"}],"replies":[{"embeddable":true,"href":"https:\/\/christusnews.de\/site\/wp-json\/wp\/v2\/comments?post=25009"}],"version-history":[{"count":1,"href":"https:\/\/christusnews.de\/site\/wp-json\/wp\/v2\/posts\/25009\/revisions"}],"predecessor-version":[{"id":25010,"href":"https:\/\/christusnews.de\/site\/wp-json\/wp\/v2\/posts\/25009\/revisions\/25010"}],"wp:attachment":[{"href":"https:\/\/christusnews.de\/site\/wp-json\/wp\/v2\/media?parent=25009"}],"wp:term":[{"taxonomy":"category","embeddable":true,"href":"https:\/\/christusnews.de\/site\/wp-json\/wp\/v2\/categories?post=25009"},{"taxonomy":"post_tag","embeddable":true,"href":"https:\/\/christusnews.de\/site\/wp-json\/wp\/v2\/tags?post=25009"}],"curies":[{"name":"wp","href":"https:\/\/api.w.org\/{rel}","templated":true}]}}