{"id":25011,"date":"2023-09-02T11:30:00","date_gmt":"2023-09-02T09:30:00","guid":{"rendered":"https:\/\/christusnews.de\/site\/verbraucherschuetzerin-fordert-verlaengerung-der-energiepreisbremsen\/"},"modified":"2023-09-04T23:18:15","modified_gmt":"2023-09-04T21:18:15","slug":"verbraucherschuetzerin-fordert-verlaengerung-der-energiepreisbremsen","status":"publish","type":"post","link":"https:\/\/christusnews.de\/site\/verbraucherschuetzerin-fordert-verlaengerung-der-energiepreisbremsen\/","title":{"rendered":"Verbrauchersch\u00fctzerin fordert Verl\u00e4ngerung der Energiepreisbremsen"},"content":{"rendered":"<p class=\"MsoPlainText\">Braunschweig\/Berlin (epd). Die Chefin der Bundesverbraucherzentrale, Ramona Pop, fordert Bundeswirtschaftsminister Robert Habeck (Gr\u00fcne) dazu auf, die Energiepreisbremsen \u00fcber das Jahresende hinaus zu verl\u00e4ngern. \u00abDie Erwartung an die Politik ist ganz klar, dass die Energiepreisbremsen bis mindestens Ostern 2024 verl\u00e4ngert werden\u00bb, sagte Pop den Zeitungen der Funke-Mediengruppe (Samstag). Das sei n\u00f6tig, um die Verbraucher zu sch\u00fctzen, falls im Winter die Energiepreise \u00abnoch einmal steil nach oben\u00bb gingen.<\/p>\n<p class=\"MsoPlainText\">&nbsp;<\/p>\n<p class=\"MsoPlainText\">Die Verbrauchersch\u00fctzerin rief dazu auf, auch in diesem Winter wieder Gas und Strom zu sparen. \u00abEnergiesparen ist gut f\u00fcrs Klima und angesichts der weiter hohen Energiepreise nat\u00fcrlich auch der entscheidende Hebel, um Geld zu sparen.\u00bb Sie r\u00e4t deshalb, Unterst\u00fctzung bei einem Energieberater zu suchen.<\/p>\n<p class=\"MsoPlainText\">&nbsp;<\/p>\n<p class=\"MsoPlainText\">Die Energiepreisbremsen f\u00fcr Gas und Strom wurden im Zuge des russischen Angriffskriegs auf die Ukraine und die daraufhin steigenden Energiepreise vergangenes Jahr von der Bundesregierung beschlossen. Die Preise wurden f\u00fcr Privathaushalte sowie Firmen gedeckelt, solange sie nicht mehr als 80 Prozent der Energie im Vergleich zum Vorjahr verbrauchen.<\/p>\n<p class=\"MsoPlainText\">&nbsp;<\/p>\n<p class=\"MsoPlainText\">Auch die \u00abWirtschaftsweise\u00bb Veronika Grimm rief die Verbraucher dazu auf, jetzt Vorkehrungen zu treffen, um im Winter den Gasverbrauch zu reduzieren. Es sei \u00abwichtig, sich wieder auf den Winter einzustellen\u00bb, sagte das Mitglied im Sachverst\u00e4ndigenrat Wirtschaft den Zeitungen der Funke-Mediengruppe (Samstag). Im Extremfall k\u00f6nne man sich vor dem Winter sogar eine neue Heizungsanlage einbauen lassen &#8211; sofern die knappen Kapazit\u00e4ten im Handwerk es zulie\u00dfen.<\/p>\n<p class=\"MsoPlainText\">&nbsp;<\/p>\n<p class=\"MsoPlainText\">Die \u00d6konomin empfahl den Verbrauchern, selbst Hand anzulegen, um Energie zu sparen. \u00abEinfachere Ma\u00dfnahmen wie die Dichtung von T\u00fcren oder Fenstern kann man eventuell selbst in Angriff nehmen.\u00bb<\/p>\n<p class=\"MsoPlainText\">&nbsp;<\/p>\n<p class=\"MsoPlainText\">Aktuell stehe es gut um die Gasversorgung, betonte Grimm. \u00abDie Menschen sparen Gas im Vergleich zu den Vorjahren, aktuell wird etwa 20 Prozent weniger verbraucht als im Durchschnitt in fr\u00fcheren Jahren.\u00bb Die Speicher seien gut gef\u00fcllt, doch reiche die Kapazit\u00e4t weiterhin nicht aus, um ohne russisches Gas komplett \u00fcber den Winter zu kommen.<\/p>\n<p>Kirche-Oldenburg<br \/>\n<a href=\"https:\/\/www.kirche-oldenburg.de\/\/aktuell\/news-niedersachsen\/artikel\/verbraucherschuetzerin-fordert-verlaengerung-der-energiepreisbremsen\" target=\"_blank\" rel=\"noopener\">Verbrauchersch\u00fctzerin fordert Verl\u00e4ngerung der Energiepreisbremsen<\/a><\/p>\n","protected":false},"excerpt":{"rendered":"<p>Braunschweig\/Berlin (epd). Die Chefin der Bundesverbraucherzentrale, Ramona Pop, fordert Bundeswirtschaftsminister Robert Habeck (Gr\u00fcne) dazu auf, die Energiepreisbremsen \u00fcber das Jahresende hinaus zu verl\u00e4ngern. \u00abDie Erwartung an die Politik ist ganz klar, dass die Energiepreisbremsen bis mindestens Ostern 2024 verl\u00e4ngert werden\u00bb, sagte Pop den Zeitungen der Funke-Mediengruppe (Samstag). Das sei n\u00f6tig, um die Verbraucher zu sch\u00fctzen, falls im Winter die Energiepreise \u00abnoch einmal steil nach oben\u00bb gingen. &nbsp; Die Verbrauchersch\u00fctzerin rief dazu auf, auch in diesem Winter wieder Gas und Strom zu sparen. \u00abEnergiesparen ist gut f\u00fcrs Klima und angesichts der weiter hohen Energiepreise nat\u00fcrlich auch der entscheidende Hebel, um Geld&#8230;<\/p>\n","protected":false},"author":7,"featured_media":0,"comment_status":"false","ping_status":"open","sticky":false,"template":"","format":"standard","meta":{"footnotes":""},"categories":[43],"tags":[44],"class_list":["post-25011","post","type-post","status-publish","format-standard","hentry","category-kirche-oldenburg","tag-kirche-oldenburg"],"_links":{"self":[{"href":"https:\/\/christusnews.de\/site\/wp-json\/wp\/v2\/posts\/25011","targetHints":{"allow":["GET"]}}],"collection":[{"href":"https:\/\/christusnews.de\/site\/wp-json\/wp\/v2\/posts"}],"about":[{"href":"https:\/\/christusnews.de\/site\/wp-json\/wp\/v2\/types\/post"}],"author":[{"embeddable":true,"href":"https:\/\/christusnews.de\/site\/wp-json\/wp\/v2\/users\/7"}],"replies":[{"embeddable":true,"href":"https:\/\/christusnews.de\/site\/wp-json\/wp\/v2\/comments?post=25011"}],"version-history":[{"count":1,"href":"https:\/\/christusnews.de\/site\/wp-json\/wp\/v2\/posts\/25011\/revisions"}],"predecessor-version":[{"id":25012,"href":"https:\/\/christusnews.de\/site\/wp-json\/wp\/v2\/posts\/25011\/revisions\/25012"}],"wp:attachment":[{"href":"https:\/\/christusnews.de\/site\/wp-json\/wp\/v2\/media?parent=25011"}],"wp:term":[{"taxonomy":"category","embeddable":true,"href":"https:\/\/christusnews.de\/site\/wp-json\/wp\/v2\/categories?post=25011"},{"taxonomy":"post_tag","embeddable":true,"href":"https:\/\/christusnews.de\/site\/wp-json\/wp\/v2\/tags?post=25011"}],"curies":[{"name":"wp","href":"https:\/\/api.w.org\/{rel}","templated":true}]}}