{"id":25017,"date":"2023-09-05T09:50:00","date_gmt":"2023-09-05T07:50:00","guid":{"rendered":"https:\/\/christusnews.de\/site\/telefonseelsorge-gespraeche-bei-suizidgedanken-wichtig\/"},"modified":"2023-09-06T11:17:36","modified_gmt":"2023-09-06T09:17:36","slug":"telefonseelsorge-gespraeche-bei-suizidgedanken-wichtig","status":"publish","type":"post","link":"https:\/\/christusnews.de\/site\/telefonseelsorge-gespraeche-bei-suizidgedanken-wichtig\/","title":{"rendered":"Telefonseelsorge: Gespr\u00e4che bei Suizidgedanken wichtig"},"content":{"rendered":"<p class=\"MsoPlainText\">Bremen (epd). Mit Blick auf den Welttag der Suizidpr\u00e4vention am kommenden Sonntag (10. September) verweist die Telefonseelsorge auf die M\u00f6glichkeit, am H\u00f6rer \u00fcber das Thema reden zu k\u00f6nnen. Das Angebot sei wichtig f\u00fcr Menschen mit Suizidgedanken, aber nach einem Suizid auch f\u00fcr Menschen im Umfeld, sagte Kirchensprecherin Sabine Hatscher am Dienstag dem Evangelischen Pressedienst (epd).<\/p>\n<p class=\"MsoPlainText\">&nbsp;<\/p>\n<p class=\"MsoPlainText\">\u00abF\u00fcr Angeh\u00f6rige, aber auch f\u00fcr betroffene \u00e4rztliche und pflegende Berufsgruppen ist es wichtig, \u00fcber das Erlebte offen sprechen zu k\u00f6nnen, damit das Thema kein Tabu bleibt\u00bb, verdeutlichte der Leiter der Bremer Telefonseelsorge, Pastor Peter Brockmann. Auch wenn insgesamt die Zahl der Suizide in den vergangenen Jahren zur\u00fcckgegangen sei, \u00abvon einem Suizid sind viele Menschen betroffen\u00bb.<\/p>\n<p class=\"MsoPlainText\">&nbsp;<\/p>\n<p class=\"MsoPlainText\">\u00abNeben den Angeh\u00f6rigen sind das zum Beispiel auch Sanit\u00e4ter, \u00c4rztinnen, Lokf\u00fchrer und alle, die vom Suizid eines bekannten Menschen erfahren. Partner, Kinder, Freunde oder Kollegen k\u00f6nnen diesen Schritt oft nicht fassen\u00bb, erkl\u00e4rte Brockmann. Sie fragten nach dem \u00abWarum\u00bb, vielleicht plagten sie auch Schuldgef\u00fchle, die Erinnerung schmerze, und der geliebte Mensch werde vermisst.<\/p>\n<p class=\"MsoPlainText\">&nbsp;<\/p>\n<p class=\"MsoPlainText\">In jedem Jahr sterben nach Angaben des Statistischen Bundesamtes mehr als 9.000 Menschen in Deutschland durch einen Suizid, das sind mehr als 25 pro Tag. In allen Altersgruppen sind es erheblich mehr M\u00e4nner als Frauen, die sich das Leben nehmen, die Zahl der Suizidversuche ist um ein Vielfaches h\u00f6her.<\/p>\n<p class=\"MsoPlainText\">&nbsp;<\/p>\n<p class=\"MsoPlainText\">Insgesamt ist die Zahl der Suizide laut Bundesamt in den vergangenen Jahren deutlich zur\u00fcckgegangen: 1980 nahmen sich beispielsweise noch rund 50 Personen pro Tag das Leben. Der Welttag zur Suizidpr\u00e4vention wurde das erste Mal im Jahr 2003 von der Weltgesundheitsorganisation (WHO) ausgerufen.<\/p>\n<p>Kirche-Oldenburg<br \/>\n<a href=\"https:\/\/www.kirche-oldenburg.de\/\/aktuell\/news-niedersachsen\/artikel\/telefonseelsorge-gespraeche-bei-suizidgedanken-wichtig\" target=\"_blank\" rel=\"noopener\">Telefonseelsorge: Gespr\u00e4che bei Suizidgedanken wichtig<\/a><\/p>\n","protected":false},"excerpt":{"rendered":"<p>Bremen (epd). Mit Blick auf den Welttag der Suizidpr\u00e4vention am kommenden Sonntag (10. September) verweist die Telefonseelsorge auf die M\u00f6glichkeit, am H\u00f6rer \u00fcber das Thema reden zu k\u00f6nnen. Das Angebot sei wichtig f\u00fcr Menschen mit Suizidgedanken, aber nach einem Suizid auch f\u00fcr Menschen im Umfeld, sagte Kirchensprecherin Sabine Hatscher am Dienstag dem Evangelischen Pressedienst (epd). &nbsp; \u00abF\u00fcr Angeh\u00f6rige, aber auch f\u00fcr betroffene \u00e4rztliche und pflegende Berufsgruppen ist es wichtig, \u00fcber das Erlebte offen sprechen zu k\u00f6nnen, damit das Thema kein Tabu bleibt\u00bb, verdeutlichte der Leiter der Bremer Telefonseelsorge, Pastor Peter Brockmann. Auch wenn insgesamt die Zahl der Suizide in den&#8230;<\/p>\n","protected":false},"author":7,"featured_media":0,"comment_status":"false","ping_status":"open","sticky":false,"template":"","format":"standard","meta":{"footnotes":""},"categories":[43],"tags":[44],"class_list":["post-25017","post","type-post","status-publish","format-standard","hentry","category-kirche-oldenburg","tag-kirche-oldenburg"],"_links":{"self":[{"href":"https:\/\/christusnews.de\/site\/wp-json\/wp\/v2\/posts\/25017","targetHints":{"allow":["GET"]}}],"collection":[{"href":"https:\/\/christusnews.de\/site\/wp-json\/wp\/v2\/posts"}],"about":[{"href":"https:\/\/christusnews.de\/site\/wp-json\/wp\/v2\/types\/post"}],"author":[{"embeddable":true,"href":"https:\/\/christusnews.de\/site\/wp-json\/wp\/v2\/users\/7"}],"replies":[{"embeddable":true,"href":"https:\/\/christusnews.de\/site\/wp-json\/wp\/v2\/comments?post=25017"}],"version-history":[{"count":1,"href":"https:\/\/christusnews.de\/site\/wp-json\/wp\/v2\/posts\/25017\/revisions"}],"predecessor-version":[{"id":25018,"href":"https:\/\/christusnews.de\/site\/wp-json\/wp\/v2\/posts\/25017\/revisions\/25018"}],"wp:attachment":[{"href":"https:\/\/christusnews.de\/site\/wp-json\/wp\/v2\/media?parent=25017"}],"wp:term":[{"taxonomy":"category","embeddable":true,"href":"https:\/\/christusnews.de\/site\/wp-json\/wp\/v2\/categories?post=25017"},{"taxonomy":"post_tag","embeddable":true,"href":"https:\/\/christusnews.de\/site\/wp-json\/wp\/v2\/tags?post=25017"}],"curies":[{"name":"wp","href":"https:\/\/api.w.org\/{rel}","templated":true}]}}