{"id":25021,"date":"2023-09-04T08:00:00","date_gmt":"2023-09-04T06:00:00","guid":{"rendered":"https:\/\/christusnews.de\/site\/stadt-leer-ehrt-ueberlebenden-des-kz-bergen-belsen\/"},"modified":"2023-09-06T11:17:37","modified_gmt":"2023-09-06T09:17:37","slug":"stadt-leer-ehrt-ueberlebenden-des-kz-bergen-belsen","status":"publish","type":"post","link":"https:\/\/christusnews.de\/site\/stadt-leer-ehrt-ueberlebenden-des-kz-bergen-belsen\/","title":{"rendered":"Stadt Leer ehrt \u00dcberlebenden des KZ Bergen-Belsen"},"content":{"rendered":"<p class=\"MsoPlainText\">Leer (epd). Die Stadt Leer zeichnet den \u00dcberlebenden der NS-Diktatur, Albrecht Weinberg, mit der Ehrenb\u00fcrgerw\u00fcrde aus. Als Zeitzeuge berichte der am 7. M\u00e4rz 1925 in Rhauderfehn geborene Mann noch immer bei Vortr\u00e4gen und in Schulen die Geschichte seiner j\u00fcdischen Familie und mahne unerm\u00fcdlich gegen das Vergessen, sagte ein Stadtsprecher am Montag dem Evangelischen Pressedienst (epd). Die Auszeichnung werde ihm am 20. September im historischen Rathaus von Leer \u00fcberreicht.<\/p>\n<p class=\"MsoPlainText\">&nbsp;<\/p>\n<p class=\"MsoPlainText\">Nach der Reichspogromnacht im November 1938 begann dem Sprecher zufolge f\u00fcr Weinberg ein Martyrium mit Verschleppung und Zwangsarbeit. Er \u00fcberlebte unter anderem die Konzentrationslager Auschwitz, Mittelbau-Dora in Th\u00fcringen und zuletzt das KZ Bergen-Belsen bei Celle.<\/p>\n<p class=\"MsoPlainText\">&nbsp;<\/p>\n<p class=\"MsoPlainText\">Nach der Befreiung habe Weinberg seine Schwester Friedel wiedergefunden und emigrierte mit ihr 1947 in die Vereinigten Staaten, wo sie sich in New York eine neue Existenz aufbauten, hie\u00df es. Erst 1985 besuchten sie nach einer Einladung der Stadt Leer erstmals wieder ihre Heimat. 2012 kehrten beide wieder zur\u00fcck. Friedel sei nur kurze Zeit sp\u00e4ter gestorben. Ihr Bruder Albrecht sei seitdem im Einsatz, um sich f\u00fcr die Auseinandersetzung mit der nationalsozialistischen Vergangenheit zu engagieren.<\/p>\n<p>Kirche-Oldenburg<br \/>\n<a href=\"https:\/\/www.kirche-oldenburg.de\/\/aktuell\/news-niedersachsen\/artikel\/stadt-leer-ehrt-ueberlebenden-des-kz-bergen-belsen\" target=\"_blank\" rel=\"noopener\">Stadt Leer ehrt \u00dcberlebenden des KZ Bergen-Belsen<\/a><\/p>\n","protected":false},"excerpt":{"rendered":"<p>Leer (epd). Die Stadt Leer zeichnet den \u00dcberlebenden der NS-Diktatur, Albrecht Weinberg, mit der Ehrenb\u00fcrgerw\u00fcrde aus. Als Zeitzeuge berichte der am 7. M\u00e4rz 1925 in Rhauderfehn geborene Mann noch immer bei Vortr\u00e4gen und in Schulen die Geschichte seiner j\u00fcdischen Familie und mahne unerm\u00fcdlich gegen das Vergessen, sagte ein Stadtsprecher am Montag dem Evangelischen Pressedienst (epd). Die Auszeichnung werde ihm am 20. September im historischen Rathaus von Leer \u00fcberreicht. &nbsp; Nach der Reichspogromnacht im November 1938 begann dem Sprecher zufolge f\u00fcr Weinberg ein Martyrium mit Verschleppung und Zwangsarbeit. Er \u00fcberlebte unter anderem die Konzentrationslager Auschwitz, Mittelbau-Dora in Th\u00fcringen und zuletzt das&#8230;<\/p>\n","protected":false},"author":7,"featured_media":0,"comment_status":"false","ping_status":"open","sticky":false,"template":"","format":"standard","meta":{"footnotes":""},"categories":[43],"tags":[44],"class_list":["post-25021","post","type-post","status-publish","format-standard","hentry","category-kirche-oldenburg","tag-kirche-oldenburg"],"_links":{"self":[{"href":"https:\/\/christusnews.de\/site\/wp-json\/wp\/v2\/posts\/25021","targetHints":{"allow":["GET"]}}],"collection":[{"href":"https:\/\/christusnews.de\/site\/wp-json\/wp\/v2\/posts"}],"about":[{"href":"https:\/\/christusnews.de\/site\/wp-json\/wp\/v2\/types\/post"}],"author":[{"embeddable":true,"href":"https:\/\/christusnews.de\/site\/wp-json\/wp\/v2\/users\/7"}],"replies":[{"embeddable":true,"href":"https:\/\/christusnews.de\/site\/wp-json\/wp\/v2\/comments?post=25021"}],"version-history":[{"count":1,"href":"https:\/\/christusnews.de\/site\/wp-json\/wp\/v2\/posts\/25021\/revisions"}],"predecessor-version":[{"id":25022,"href":"https:\/\/christusnews.de\/site\/wp-json\/wp\/v2\/posts\/25021\/revisions\/25022"}],"wp:attachment":[{"href":"https:\/\/christusnews.de\/site\/wp-json\/wp\/v2\/media?parent=25021"}],"wp:term":[{"taxonomy":"category","embeddable":true,"href":"https:\/\/christusnews.de\/site\/wp-json\/wp\/v2\/categories?post=25021"},{"taxonomy":"post_tag","embeddable":true,"href":"https:\/\/christusnews.de\/site\/wp-json\/wp\/v2\/tags?post=25021"}],"curies":[{"name":"wp","href":"https:\/\/api.w.org\/{rel}","templated":true}]}}