{"id":25025,"date":"2023-09-06T07:56:00","date_gmt":"2023-09-06T05:56:00","guid":{"rendered":"https:\/\/christusnews.de\/site\/biosphaerenregion-niedersaechsisches-wattenmeer-waechst-weiter\/"},"modified":"2023-09-07T11:17:23","modified_gmt":"2023-09-07T09:17:23","slug":"biosphaerenregion-niedersaechsisches-wattenmeer-waechst-weiter","status":"publish","type":"post","link":"https:\/\/christusnews.de\/site\/biosphaerenregion-niedersaechsisches-wattenmeer-waechst-weiter\/","title":{"rendered":"Biosph\u00e4renregion \u00abNieders\u00e4chsisches Wattenmeer\u00bb w\u00e4chst weiter"},"content":{"rendered":"<p class=\"MsoPlainText\">L\u00fctetsburg\/Kr. Aurich (epd). Die Biosph\u00e4renregion \u00abNieders\u00e4chsisches Wattenmeer\u00bb ist um rund 71.000 Hektar erweitert worden. Stefan L\u00fctkes vom Bundesumweltministerium und dem Nationalkomitee des \u00abMan and the Biosphere\u00bb-Programms der UNESCO \u00fcberreichte die entsprechende Urkunde am Mittwoch im ostfriesischen Schloss L\u00fctetsburg bei Aurich an Niedersachsens Umweltminister Christian Meyer (Gr\u00fcne), wie dessen Ministerium mitteilte. \u00abDie erweiterte Biosph\u00e4renregion verbindet einzigartige Natur- und Kulturlandschaften vor und hinter dem Deich\u00bb, sagte Meyer. Dies er\u00f6ffne neue M\u00f6glichkeiten der \u00absanften Regionalentwicklung\u00bb.<\/p>\n<p class=\"MsoPlainText\">&nbsp;<\/p>\n<p class=\"MsoPlainText\">Das Wattenmeer z\u00e4hlt zum Weltnaturerbe der Vereinten Nationen und ist bereits seit 1992 UNESCO-Biosph\u00e4renreservat. Dies umfasste den Angaben zufolge bisher den Nationalpark \u00abNieders\u00e4chsisches Wattenmeer\u00bb mit einer Fl\u00e4che von 344.000 Hektar. Nun sei binnendeichs die neue \u00abEntwicklungszone\u00bb hinzugekommen. Diese Zone werde als Siedlungs-, Wirtschafts- und Erholungsraum der Bev\u00f6lkerung verstanden. Dort sollen nachhaltige Lebens- und Wirtschaftsweisen im Einklang mit der Natur beispielhaft entwickelt werden. In der sogenannten Kernzone herrsche weiter strenger Naturschutz. In der \u00abPflegezone\u00bb sei eine umweltvertr\u00e4gliche, wirtschaftliche Nutzung m\u00f6glich.<\/p>\n<p class=\"MsoPlainText\">&nbsp;<\/p>\n<p class=\"MsoPlainText\">Die Beinahe-\u00d6lkatastrophe der \u00abFreemantle Highway\u00bb vor wenigen Wochen habe deutlich gemacht, wie sehr die Menschen das Wattenmeer sch\u00e4tzten und es vor Gefahren gesch\u00fctzt wissen wollten, sagt Meyer. L\u00fctkes vom Bundesumweltministerium f\u00fcgte hinzu: \u00abDas Land Niedersachsen hat damit die Grundlage zur Entwicklung eines integrierten Nachhaltigkeitsmanagements f\u00fcr die gesamte Wattenmeer-Region geschaffen, das als Modell insbesondere f\u00fcr K\u00fcstenregionen weltweit dienen kann.\u00bb<\/p>\n<p>Kirche-Oldenburg<br \/>\n<a href=\"https:\/\/www.kirche-oldenburg.de\/\/aktuell\/news-niedersachsen\/artikel\/biosphaerenregion-niedersaechsisches-wattenmeer-waechst-weiter\" target=\"_blank\" rel=\"noopener\">Biosph\u00e4renregion \u00abNieders\u00e4chsisches Wattenmeer\u00bb w\u00e4chst weiter<\/a><\/p>\n","protected":false},"excerpt":{"rendered":"<p>L\u00fctetsburg\/Kr. Aurich (epd). Die Biosph\u00e4renregion \u00abNieders\u00e4chsisches Wattenmeer\u00bb ist um rund 71.000 Hektar erweitert worden. Stefan L\u00fctkes vom Bundesumweltministerium und dem Nationalkomitee des \u00abMan and the Biosphere\u00bb-Programms der UNESCO \u00fcberreichte die entsprechende Urkunde am Mittwoch im ostfriesischen Schloss L\u00fctetsburg bei Aurich an Niedersachsens Umweltminister Christian Meyer (Gr\u00fcne), wie dessen Ministerium mitteilte. \u00abDie erweiterte Biosph\u00e4renregion verbindet einzigartige Natur- und Kulturlandschaften vor und hinter dem Deich\u00bb, sagte Meyer. Dies er\u00f6ffne neue M\u00f6glichkeiten der \u00absanften Regionalentwicklung\u00bb. &nbsp; Das Wattenmeer z\u00e4hlt zum Weltnaturerbe der Vereinten Nationen und ist bereits seit 1992 UNESCO-Biosph\u00e4renreservat. Dies umfasste den Angaben zufolge bisher den Nationalpark \u00abNieders\u00e4chsisches Wattenmeer\u00bb mit einer Fl\u00e4che&#8230;<\/p>\n","protected":false},"author":7,"featured_media":0,"comment_status":"false","ping_status":"open","sticky":false,"template":"","format":"standard","meta":{"footnotes":""},"categories":[43],"tags":[44],"class_list":["post-25025","post","type-post","status-publish","format-standard","hentry","category-kirche-oldenburg","tag-kirche-oldenburg"],"_links":{"self":[{"href":"https:\/\/christusnews.de\/site\/wp-json\/wp\/v2\/posts\/25025","targetHints":{"allow":["GET"]}}],"collection":[{"href":"https:\/\/christusnews.de\/site\/wp-json\/wp\/v2\/posts"}],"about":[{"href":"https:\/\/christusnews.de\/site\/wp-json\/wp\/v2\/types\/post"}],"author":[{"embeddable":true,"href":"https:\/\/christusnews.de\/site\/wp-json\/wp\/v2\/users\/7"}],"replies":[{"embeddable":true,"href":"https:\/\/christusnews.de\/site\/wp-json\/wp\/v2\/comments?post=25025"}],"version-history":[{"count":1,"href":"https:\/\/christusnews.de\/site\/wp-json\/wp\/v2\/posts\/25025\/revisions"}],"predecessor-version":[{"id":25026,"href":"https:\/\/christusnews.de\/site\/wp-json\/wp\/v2\/posts\/25025\/revisions\/25026"}],"wp:attachment":[{"href":"https:\/\/christusnews.de\/site\/wp-json\/wp\/v2\/media?parent=25025"}],"wp:term":[{"taxonomy":"category","embeddable":true,"href":"https:\/\/christusnews.de\/site\/wp-json\/wp\/v2\/categories?post=25025"},{"taxonomy":"post_tag","embeddable":true,"href":"https:\/\/christusnews.de\/site\/wp-json\/wp\/v2\/tags?post=25025"}],"curies":[{"name":"wp","href":"https:\/\/api.w.org\/{rel}","templated":true}]}}