{"id":25027,"date":"2023-09-06T07:54:00","date_gmt":"2023-09-06T05:54:00","guid":{"rendered":"https:\/\/christusnews.de\/site\/meister-evangelische-friedensethik-taugt-noch-immer-als-kompass\/"},"modified":"2023-09-07T11:17:23","modified_gmt":"2023-09-07T09:17:23","slug":"meister-evangelische-friedensethik-taugt-noch-immer-als-kompass","status":"publish","type":"post","link":"https:\/\/christusnews.de\/site\/meister-evangelische-friedensethik-taugt-noch-immer-als-kompass\/","title":{"rendered":"Meister: Evangelische Friedensethik taugt noch immer als Kompass"},"content":{"rendered":"<p class=\"MsoPlainText\">Hannover (epd) Der hannoversche Landesbischof Ralf Meister hat die 2007 ver\u00f6ffentlichte Friedensdenkschrift der Evangelischen Kirche in Deutschland (EKD) als einen \u00abimmer noch tauglichen ethischen Kompass zur Frage nach Krieg und Frieden\u00bb verteidigt. Das Papier\/das aktuell auf dem Pr\u00fcfstand steht\/habe allerdings nicht mit einem Aggressor wie Putin gerechnet\/sagte Meister im Gespr\u00e4ch mit dem Evangelischen Pressedienst (epd). Noch vor einigen Monaten habe er Kirchengemeinden in der Ukraine besucht und bereits zu jener Zeit \u00fcberall die schlimmen Verheerungen des russischen Angriffs erlebt. \u00abHeute k\u00f6nnte ich nicht einmal mehr nach Odessa fahren. Es fallen t\u00e4glich Bomben, Putin nimmt keinerlei R\u00fccksicht und bombardiert gezielt zivile Einrichtungen, Krankenh\u00e4user und Kirchen. Das B\u00f6se bricht sich dort in furchtbarer Weise Bahn\u00bb, betonte der Bischof.<\/p>\n<p class=\"MsoPlainText\">&nbsp;<\/p>\n<p class=\"MsoPlainText\">Die EKD-Denkschrift dokumentiere die schon damals vorhandene Einsicht, \u00abdass die Welt leider nicht ohne Waffen auskommen kann, weil mit dem B\u00f6sen im Menschen gerechnet werden muss.\u00bb Weiter zugespitzt habe sich angesichts eines inzwischen langen und zerm\u00fcrbenden Krieges allerdings die Rolle und die Verantwortung der nicht unmittelbar am Krieg beteiligten Parteien wie der Nato. \u00abEin vergleichbar starkes Dilemma, wie die Frage, wie wir der Ukraine bei der Selbstverteidigung beistehen k\u00f6nnen, ohne dabei weitere Aggressionen Russlands bis hin zu einem Atomschlag zu sch\u00fcren, bestand damals noch nicht\u00bb, hob Meister hervor.<\/p>\n<p class=\"MsoPlainText\">&nbsp;<\/p>\n<p class=\"MsoPlainText\">Es sei \u00e4u\u00dferst anspruchsvoll, \u00abden richtigen Punkt zwischen zu viel und zu wenig milit\u00e4rischem Engagement\u00bb zu treffen, die Ukraine einerseits nicht im Stich zu lassen, den Krieg durch Interventionen Dritter anderseits nicht weiter zu eskalieren. \u00abDieser Krieg weckt ein neues Ma\u00df an \u00dcberforderung\u00bb, unterstrich Meister. Deshalb sei es richtig, dass die EKD-Friedensdenkschrift unter dem Eindruck des Ukraine-Krieges neu bewertet werde.<\/p>\n<p class=\"MsoPlainText\">&nbsp;<\/p>\n<p class=\"MsoPlainText\">Die EKD-Synode hatte im Herbst vergangenen Jahres beschlossen, ihre friedensethischen Positionen zu \u00fcberdenken. Eine sogenannte Friedenswerkstatt soll bis 2025 eine \u00fcberarbeitete Fassung der Denkschrift vorlegen. Das Papier \u00abAus Gottes Frieden leben &#8211; f\u00fcr gerechten Frieden sorgen\u00bb entstand unter ma\u00dfgeblicher Initiative des damaligen EKD-Ratsvorsitzenden, des Theologen und Sozialethikers Wolfgang Huber. Es stellt klar, dass zur Wahrung und Wiederherstellung des Rechts auch der Einsatz milit\u00e4rischer Gewalt ethisch legitimierbar ist, milit\u00e4rische Mittel seien aber nur als ultima ratio einzusetzen. Es gelte der Primat der friedlichen Konfliktl\u00f6sung.<\/p>\n<p>Kirche-Oldenburg<br \/>\n<a href=\"https:\/\/www.kirche-oldenburg.de\/\/aktuell\/news-niedersachsen\/artikel\/meister-evangelische-friedensethik-taugt-noch-immer-als-kompass\" target=\"_blank\" rel=\"noopener\">Meister: Evangelische Friedensethik taugt noch immer als Kompass<\/a><\/p>\n","protected":false},"excerpt":{"rendered":"<p>Hannover (epd) Der hannoversche Landesbischof Ralf Meister hat die 2007 ver\u00f6ffentlichte Friedensdenkschrift der Evangelischen Kirche in Deutschland (EKD) als einen \u00abimmer noch tauglichen ethischen Kompass zur Frage nach Krieg und Frieden\u00bb verteidigt. Das Papier\/das aktuell auf dem Pr\u00fcfstand steht\/habe allerdings nicht mit einem Aggressor wie Putin gerechnet\/sagte Meister im Gespr\u00e4ch mit dem Evangelischen Pressedienst (epd). Noch vor einigen Monaten habe er Kirchengemeinden in der Ukraine besucht und bereits zu jener Zeit \u00fcberall die schlimmen Verheerungen des russischen Angriffs erlebt. \u00abHeute k\u00f6nnte ich nicht einmal mehr nach Odessa fahren. Es fallen t\u00e4glich Bomben, Putin nimmt keinerlei R\u00fccksicht und bombardiert gezielt zivile&#8230;<\/p>\n","protected":false},"author":7,"featured_media":0,"comment_status":"false","ping_status":"open","sticky":false,"template":"","format":"standard","meta":{"footnotes":""},"categories":[43],"tags":[44],"class_list":["post-25027","post","type-post","status-publish","format-standard","hentry","category-kirche-oldenburg","tag-kirche-oldenburg"],"_links":{"self":[{"href":"https:\/\/christusnews.de\/site\/wp-json\/wp\/v2\/posts\/25027","targetHints":{"allow":["GET"]}}],"collection":[{"href":"https:\/\/christusnews.de\/site\/wp-json\/wp\/v2\/posts"}],"about":[{"href":"https:\/\/christusnews.de\/site\/wp-json\/wp\/v2\/types\/post"}],"author":[{"embeddable":true,"href":"https:\/\/christusnews.de\/site\/wp-json\/wp\/v2\/users\/7"}],"replies":[{"embeddable":true,"href":"https:\/\/christusnews.de\/site\/wp-json\/wp\/v2\/comments?post=25027"}],"version-history":[{"count":1,"href":"https:\/\/christusnews.de\/site\/wp-json\/wp\/v2\/posts\/25027\/revisions"}],"predecessor-version":[{"id":25028,"href":"https:\/\/christusnews.de\/site\/wp-json\/wp\/v2\/posts\/25027\/revisions\/25028"}],"wp:attachment":[{"href":"https:\/\/christusnews.de\/site\/wp-json\/wp\/v2\/media?parent=25027"}],"wp:term":[{"taxonomy":"category","embeddable":true,"href":"https:\/\/christusnews.de\/site\/wp-json\/wp\/v2\/categories?post=25027"},{"taxonomy":"post_tag","embeddable":true,"href":"https:\/\/christusnews.de\/site\/wp-json\/wp\/v2\/tags?post=25027"}],"curies":[{"name":"wp","href":"https:\/\/api.w.org\/{rel}","templated":true}]}}