{"id":25046,"date":"2023-09-07T07:48:00","date_gmt":"2023-09-07T05:48:00","guid":{"rendered":"https:\/\/christusnews.de\/site\/psychiater-suizid-darf-keine-normale-option-werden\/"},"modified":"2023-09-08T11:17:32","modified_gmt":"2023-09-08T09:17:32","slug":"psychiater-suizid-darf-keine-normale-option-werden","status":"publish","type":"post","link":"https:\/\/christusnews.de\/site\/psychiater-suizid-darf-keine-normale-option-werden\/","title":{"rendered":"Psychiater: Suizid darf keine \u00abnormale Option\u00bb werden"},"content":{"rendered":"<p class=\"MsoPlainText\">Oldenburg (epd). Der Oldenburger Psychiater Claus Bajorat sieht den vom Bundesverfassungsgericht gewiesenen Weg einer Liberalisierung des \u00e4rztlich assistierten Suizids mit Sorge. \u00abWir d\u00fcrfen als Gesellschaft nicht dahin kommen, dass B\u00fcrgerinnen und B\u00fcrger den Suizid als normale Option empfinden\u00bb, sagte der Mediziner anl\u00e4sslich des Welttags der Suizidpr\u00e4vention am 10. September. \u00abDie Gefahr besteht, dass sich Menschen, die sich als \u00fcberfl\u00fcssig und einsam empfinden, unter Druck gesetzt f\u00fchlen, diesen Weg zu gehen.\u00bb<\/p>\n<p class=\"MsoPlainText\">&nbsp;<\/p>\n<p class=\"MsoPlainText\">Dies sei etwa mit Blick auf alleinstehende, \u00e4ltere, psychisch kranke und pflegebed\u00fcrftige Menschen zu bef\u00fcrchten, sagte er. In diesen Gruppen sei die Suizidrate ohnehin erh\u00f6ht. Auch die Mehrheit der Psychiaterinnen und Psychiater stehe der Liberalisierung der Sterbehilfe kritisch gegen\u00fcber. Bajorat ist Psychiater der Universit\u00e4tsmedizin Oldenburg und Projektleiter des B\u00fcndnisses gegen Depression Weser-Ems.<\/p>\n<p class=\"MsoPlainText\">&nbsp;<\/p>\n<p class=\"MsoPlainText\">Suizidversuche seien fast immer Folge und Ausdruck einer psychischen Erkrankung, die behandelt werden k\u00f6nne, betonte der Arzt. Er habe bereits viele Betroffene erlebt, die wider eigenem Erwarten zu einer normalen Lebensqualit\u00e4t zur\u00fcckgefunden haben und wieder Lebensfreude empfinden. Studien aus anderen L\u00e4ndern zeigten, dass sich bei einer Liberalisierung der assistierten Selbstt\u00f6tung mehr Menschen f\u00fcr diesen Weg entscheiden. \u00abWir laufen Gefahr, Menschen zu verlieren, die das bei anderer Betrachtung ihrer Gesamtsituation vielleicht doch nicht gewollt h\u00e4tten.\u00bb<\/p>\n<p class=\"MsoPlainText\">&nbsp;<\/p>\n<p class=\"MsoPlainText\">Laut Statistischem Bundesamt hat sich die Zahl der Menschen, die durch Suizid sterben, seit 1980 halbiert. Seit Jahren stagniert sie bei 9.000 bis 10.000. \u00abEine der Ursachen f\u00fcr diese Entwicklung sehe ich darin, dass psychische Erkrankungen entstigmatisiert und h\u00e4ufiger diagnostiziert werden\u00bb, sagte Bajorat. Auch die Medikamente zur Behandlung von Depressionen und die psychotherapeutische Versorgung seien besser geworden. Dennoch st\u00fcrben immer noch weit mehr Menschen durch Suizid als durch Verkehrsunf\u00e4lle oder Gewalttaten. Fast drei Viertel der Betroffenen seien M\u00e4nner. Hingegen ver\u00fcbten Frauen h\u00e4ufiger Suizidversuche.<\/p>\n<p class=\"MsoPlainText\">&nbsp;<\/p>\n<p class=\"MsoPlainText\">Indes gebe es starke Hinweise, dass in der Gruppe der religi\u00f6sen oder spirituell gepr\u00e4gten Menschen sowohl psychische Erkrankungen als auch Suizide seltener auftreten, erg\u00e4nzte Bajorat. \u00ab\u00dcber die Gr\u00fcnde kann ich nur spekulieren. Es gibt sicher Halt, einen Sinn \u00fcber das eigene Leben hinaus zu empfinden. Auch der Gemeinschaftsaspekt von Religion ist eine psychische Ressource.\u00bb<\/p>\n<p class=\"MsoPlainText\">&nbsp;<\/p>\n<p class=\"MsoPlainText\">Doch auch der Trauer solle der Welttag der Suizidpr\u00e4vention Raum geben, sagte der Psychiater: \u00abDer Tag soll auch dem akzeptierenden Gedenken an die Menschen dienen, die f\u00fcr sich diesen Weg gew\u00e4hlt haben und von ihren Angeh\u00f6rigen schmerzlich vermisst werden.\u00bb<\/p>\n<p>Kirche-Oldenburg<br \/>\n<a href=\"https:\/\/www.kirche-oldenburg.de\/\/aktuell\/news-niedersachsen\/artikel\/psychiater-suizid-darf-keine-normale-option-werden\" target=\"_blank\" rel=\"noopener\">Psychiater: Suizid darf keine \u00abnormale Option\u00bb werden<\/a><\/p>\n","protected":false},"excerpt":{"rendered":"<p>Oldenburg (epd). Der Oldenburger Psychiater Claus Bajorat sieht den vom Bundesverfassungsgericht gewiesenen Weg einer Liberalisierung des \u00e4rztlich assistierten Suizids mit Sorge. \u00abWir d\u00fcrfen als Gesellschaft nicht dahin kommen, dass B\u00fcrgerinnen und B\u00fcrger den Suizid als normale Option empfinden\u00bb, sagte der Mediziner anl\u00e4sslich des Welttags der Suizidpr\u00e4vention am 10. September. \u00abDie Gefahr besteht, dass sich Menschen, die sich als \u00fcberfl\u00fcssig und einsam empfinden, unter Druck gesetzt f\u00fchlen, diesen Weg zu gehen.\u00bb &nbsp; Dies sei etwa mit Blick auf alleinstehende, \u00e4ltere, psychisch kranke und pflegebed\u00fcrftige Menschen zu bef\u00fcrchten, sagte er. In diesen Gruppen sei die Suizidrate ohnehin erh\u00f6ht. Auch die Mehrheit der&#8230;<\/p>\n","protected":false},"author":7,"featured_media":0,"comment_status":"false","ping_status":"open","sticky":false,"template":"","format":"standard","meta":{"footnotes":""},"categories":[43],"tags":[44],"class_list":["post-25046","post","type-post","status-publish","format-standard","hentry","category-kirche-oldenburg","tag-kirche-oldenburg"],"_links":{"self":[{"href":"https:\/\/christusnews.de\/site\/wp-json\/wp\/v2\/posts\/25046","targetHints":{"allow":["GET"]}}],"collection":[{"href":"https:\/\/christusnews.de\/site\/wp-json\/wp\/v2\/posts"}],"about":[{"href":"https:\/\/christusnews.de\/site\/wp-json\/wp\/v2\/types\/post"}],"author":[{"embeddable":true,"href":"https:\/\/christusnews.de\/site\/wp-json\/wp\/v2\/users\/7"}],"replies":[{"embeddable":true,"href":"https:\/\/christusnews.de\/site\/wp-json\/wp\/v2\/comments?post=25046"}],"version-history":[{"count":1,"href":"https:\/\/christusnews.de\/site\/wp-json\/wp\/v2\/posts\/25046\/revisions"}],"predecessor-version":[{"id":25047,"href":"https:\/\/christusnews.de\/site\/wp-json\/wp\/v2\/posts\/25046\/revisions\/25047"}],"wp:attachment":[{"href":"https:\/\/christusnews.de\/site\/wp-json\/wp\/v2\/media?parent=25046"}],"wp:term":[{"taxonomy":"category","embeddable":true,"href":"https:\/\/christusnews.de\/site\/wp-json\/wp\/v2\/categories?post=25046"},{"taxonomy":"post_tag","embeddable":true,"href":"https:\/\/christusnews.de\/site\/wp-json\/wp\/v2\/tags?post=25046"}],"curies":[{"name":"wp","href":"https:\/\/api.w.org\/{rel}","templated":true}]}}