{"id":25048,"date":"2023-09-07T07:47:00","date_gmt":"2023-09-07T05:47:00","guid":{"rendered":"https:\/\/christusnews.de\/site\/sozialdiakonie-regionalbischof-brandy-betont-hilfe-zur-selbsthilfe\/"},"modified":"2023-09-08T11:17:33","modified_gmt":"2023-09-08T09:17:33","slug":"sozialdiakonie-regionalbischof-brandy-betont-hilfe-zur-selbsthilfe","status":"publish","type":"post","link":"https:\/\/christusnews.de\/site\/sozialdiakonie-regionalbischof-brandy-betont-hilfe-zur-selbsthilfe\/","title":{"rendered":"Sozialdiakonie: Regionalbischof Brandy betont Hilfe zur Selbsthilfe"},"content":{"rendered":"<p class=\"MsoPlainText\">Stade (epd). Vor dem Hintergrund des 175-j\u00e4hrigen Bestehens der Diakonie in Deutschland hat der Stader Regionalbischof Hans Christian Brandy die pr\u00e4ventive Aufgabe sozialdiakonischer Arbeit betont. \u00abEs gen\u00fcgt nicht, Menschen in Not zu unterst\u00fctzen\u00bb, sagte der leitende evangelische Theologe am Mittwochabend in einem Gottesdienst zum Jubil\u00e4um in der Stader St.-Wilhadi-Kirche. Es m\u00fcsse vor allem darum gehen, zu verhindern, dass Menschen in Not gerieten. Deshalb seien beispielsweise Bildung und Einrichtungen f\u00fcr junge Menschen so wichtig.<\/p>\n<p class=\"MsoPlainText\">&nbsp;<\/p>\n<p class=\"MsoPlainText\">\u00abEs muss doch immer vor allem um Hilfe zur Selbsthilfe gehen, damit Menschen soweit eben m\u00f6glich selbstbestimmt ihr Leben gestalten k\u00f6nnen\u00bb, sagte Brandy in einer Predigt. Um das zu erreichen, m\u00fcssten sich Kirche und Diakonie auch politisch einsetzen. Die N\u00e4chstenliebe sei dem christlichen Glauben in die DNA eingeschrieben. Aber N\u00e4chstenliebe ohne sozialpolitisches Engagement \u00abgreift zu kurz\u00bb.<\/p>\n<p class=\"MsoPlainText\">&nbsp;<\/p>\n<p class=\"MsoPlainText\">Brandy sprach unter anderem auch den wirtschaftlichen Druck an, unter dem mittlerweile viele diakonische Einrichtungen leiden. Das sei eine gewaltige Spannung: \u00abDie Zahlen m\u00fcssen stimmen, sonst ist das Tun der N\u00e4chstenliebe h\u00f6chst gef\u00e4hrdet.\u00bb<\/p>\n<p class=\"MsoPlainText\">&nbsp;<\/p>\n<p class=\"MsoPlainText\">Bis Sonntag erinnert die \u00abWoche der Diakonie\u00bb unter dem Motto \u00abAus Liebe\u00bb an das Jubil\u00e4um der Diakonie. Es geht zur\u00fcck auf die Gr\u00fcndung der \u00abInneren Mission\u00bb beim Evangelischen Kirchentag 1848 in Wittenberg, ma\u00dfgeblich beeinflusst durch den Hamburger evangelischen Theologen und Sozialreformer Johann Hinrich Wichern (1808-1881).<\/p>\n<p class=\"MsoPlainText\">&nbsp;<\/p>\n<p class=\"MsoPlainText\">Die Diakonie in Niedersachsen ist der gr\u00f6\u00dfte Wohlfahrtsverband im Land. Ihr geh\u00f6ren nach eigenen Angaben 595 Mitglieder mit mehr als 3.000 Einrichtungen und Diensten an. Sie besch\u00e4ftigen rund 89.000 Menschen, mindestens ebenso viele engagieren sich ehrenamtlich.<\/p>\n<p>Kirche-Oldenburg<br \/>\n<a href=\"https:\/\/www.kirche-oldenburg.de\/\/aktuell\/news-niedersachsen\/artikel\/sozialdiakonie-regionalbischof-brandy-betont-hilfe-zur-selbsthilfe\" target=\"_blank\" rel=\"noopener\">Sozialdiakonie: Regionalbischof Brandy betont Hilfe zur Selbsthilfe<\/a><\/p>\n","protected":false},"excerpt":{"rendered":"<p>Stade (epd). Vor dem Hintergrund des 175-j\u00e4hrigen Bestehens der Diakonie in Deutschland hat der Stader Regionalbischof Hans Christian Brandy die pr\u00e4ventive Aufgabe sozialdiakonischer Arbeit betont. \u00abEs gen\u00fcgt nicht, Menschen in Not zu unterst\u00fctzen\u00bb, sagte der leitende evangelische Theologe am Mittwochabend in einem Gottesdienst zum Jubil\u00e4um in der Stader St.-Wilhadi-Kirche. Es m\u00fcsse vor allem darum gehen, zu verhindern, dass Menschen in Not gerieten. Deshalb seien beispielsweise Bildung und Einrichtungen f\u00fcr junge Menschen so wichtig. &nbsp; \u00abEs muss doch immer vor allem um Hilfe zur Selbsthilfe gehen, damit Menschen soweit eben m\u00f6glich selbstbestimmt ihr Leben gestalten k\u00f6nnen\u00bb, sagte Brandy in einer Predigt&#8230;.<\/p>\n","protected":false},"author":7,"featured_media":0,"comment_status":"false","ping_status":"open","sticky":false,"template":"","format":"standard","meta":{"footnotes":""},"categories":[43],"tags":[44],"class_list":["post-25048","post","type-post","status-publish","format-standard","hentry","category-kirche-oldenburg","tag-kirche-oldenburg"],"_links":{"self":[{"href":"https:\/\/christusnews.de\/site\/wp-json\/wp\/v2\/posts\/25048","targetHints":{"allow":["GET"]}}],"collection":[{"href":"https:\/\/christusnews.de\/site\/wp-json\/wp\/v2\/posts"}],"about":[{"href":"https:\/\/christusnews.de\/site\/wp-json\/wp\/v2\/types\/post"}],"author":[{"embeddable":true,"href":"https:\/\/christusnews.de\/site\/wp-json\/wp\/v2\/users\/7"}],"replies":[{"embeddable":true,"href":"https:\/\/christusnews.de\/site\/wp-json\/wp\/v2\/comments?post=25048"}],"version-history":[{"count":1,"href":"https:\/\/christusnews.de\/site\/wp-json\/wp\/v2\/posts\/25048\/revisions"}],"predecessor-version":[{"id":25049,"href":"https:\/\/christusnews.de\/site\/wp-json\/wp\/v2\/posts\/25048\/revisions\/25049"}],"wp:attachment":[{"href":"https:\/\/christusnews.de\/site\/wp-json\/wp\/v2\/media?parent=25048"}],"wp:term":[{"taxonomy":"category","embeddable":true,"href":"https:\/\/christusnews.de\/site\/wp-json\/wp\/v2\/categories?post=25048"},{"taxonomy":"post_tag","embeddable":true,"href":"https:\/\/christusnews.de\/site\/wp-json\/wp\/v2\/tags?post=25048"}],"curies":[{"name":"wp","href":"https:\/\/api.w.org\/{rel}","templated":true}]}}