{"id":25050,"date":"2023-09-06T23:45:00","date_gmt":"2023-09-06T21:45:00","guid":{"rendered":"https:\/\/christusnews.de\/site\/chormusical-martin-luther-king-am-samstag-in-oldenburg\/"},"modified":"2023-09-08T11:17:33","modified_gmt":"2023-09-08T09:17:33","slug":"chormusical-martin-luther-king-am-samstag-in-oldenburg","status":"publish","type":"post","link":"https:\/\/christusnews.de\/site\/chormusical-martin-luther-king-am-samstag-in-oldenburg\/","title":{"rendered":"Chormusical \u201eMartin Luther King\u201c am Samstag in Oldenburg"},"content":{"rendered":"<p>Nur noch wenige Tage \u2013 dann ist die mitrei\u00dfende Show des Chormusicals \u201eMartin Luther King\u201c am Samstag, 9. September, um 19 Uhr in der Oldenburger EWE-Arena zu sehen. Mit dabei: rund 1.000 S\u00e4ngerinnen und S\u00e4nger aus Oldenburg und der Region. Am letzten Wochenende sang der Mega-Chor erstmals gemeinsam unter der Leitung von Landeskirchenmusikdirektorin Beate Besser und Popkantorin Sarina Lal. Bei der Hauptprobe \u00fcberraschte die erfolgreiche Musicaldarstellerin Bonita Niessen die S\u00e4ngerinnen und S\u00e4nger. Sie spielt und singt im Musical Rosa Parks, eine Mitstreiterin Martin Luther Kings. Bei der Hauptprobe sang Bonita Niessen gemeinsam mit dem Chor einige Lieder und nahm sich bei der anschlie\u00dfenden Autogramm-Stunde viel Zeit.&nbsp;<\/p>\n<p>Vor gut 60 Jahren, am 28. August 1963, hielt der B\u00fcrgerrechtler und Baptistenpastor Martin Luther King seine legend\u00e4re \u201eI have a dream\u201c-Rede hielt. Sein Traum f\u00fcr Amerika: Dass Schwarze und Wei\u00dfe gleichberechtigt miteinander leben. Ein gewaltfreier Appell, der die Welt ver\u00e4nderte. Und ein Aufruf zum gesellschaftlichen Zusammenhalt, heute noch so aktuell wie damals. Das Chormusical \u201eMartin Luther King\u201c der Creativen Kirche aus Witten beleuchtet das Leben von Martin Luther King und seinen Traum von gleichen Rechten f\u00fcr alle und setzt dies zeitgem\u00e4\u00df und kraftvoll um. Gemeinsam mit Musical-Solisten und Live-Band untermalt der Chor das facettenreiche Leben des amerikanischen Aktivisten in einer Mischung aus Gospel, Rock \u2018n\u2018 Roll, Motown und Pop.&nbsp;<\/p>\n<p>Darrin Byrd spielt den Titelhelden Martin Luther King im Chormusical. Er stand lange Jahre in Hamburg als Mufasa in \u201eK\u00f6nig der L\u00f6wen\u201c auf der B\u00fchne. Darrin Byrd sagt: \u201eWir m\u00fcssen die Menschen immer wieder daran erinnern, dass die Welt ein besserer Ort wird, wenn wir lieben und offenbleiben.\u201c Dann k\u00f6nnen Tr\u00e4ume wahr werden. Oder wie es der Mega-Chor am Ende der Show singt: \u201eAuch unser Traum\u201c.<\/p>\n<p><strong>PROJEKTPATEN: Oberb\u00fcrgermeister J\u00fcrgen Krogmann und Bischof Thomas Adomeit<\/strong><br \/>\nProjektpaten sind der Oberb\u00fcrgermeister von Oldenburg, J\u00fcrgen Krogmann, und der Bischof der Ev.-Luth. Kirche in Oldenburg, Thomas Adomeit.<\/p>\n<p><strong>Bischof Thomas Adomeit<\/strong><br \/>\n\u201eMartin Luther King war ein Revolution\u00e4r und ein Vision\u00e4r. Vor allem aber war er ein evangelischer Christ, der aus seinem unersch\u00fctterlichen Glauben die Kraft und den Mut sch\u00f6pfte, gegen die Rassentrennung aufzustehen. Dass dieser Widerstand gewaltlos war, beeindruckt und fasziniert mich besonders. Ich freue mich, dass viele hundert S\u00e4ngerinnen und S\u00e4nger aus Oldenburg und Umgebung mithelfen, diese Botschaft nachhaltig in unsere Gesellschaft zu tragen. Und ich w\u00fcnsche mir, dass viele Menschen diese Kraftquelle durch die Musik besonders sp\u00fcren und erleben k\u00f6nnen.\u201c<\/p>\n<p><strong>Oberb\u00fcrgermeister J\u00fcrgen Krogmann&nbsp;<\/strong><br \/>\n\u201eIch freue mich sehr, dass das Chormusical \u201aMartin Luther King\u2018 Station bei uns in Oldenburg macht. Die ber\u00fchmte Rede von Martin Luther King \u201aI have a Dream\u2018 ist das Aush\u00e4ngeschild der amerikanischen B\u00fcrgerrechtsbewegung. Sie gilt als eine der wichtigsten 100 politischen Reden Amerikas. Sein Traum von einer gerechten Welt ohne Rassismus, Diskriminierung und Ausgrenzung ist heute genauso aktuell wie vor 60 Jahren.\u201c&nbsp;<\/p>\n<p><strong>Chormusical ist Gemeinschaftsprojekt&nbsp;<\/strong><br \/>\nDas Chormusical ist ein Gemeinschaftsprojekt der Evangelisch-Lutherischen Kirche in Oldenburg, der Evangelisch-lutherischen Landeskirche Hannovers, der Evangelischen Kirche in Deutschland (EKD), des Bundes Evangelisch-Freikirchlicher Gemeinden in Deutschland (Baptisten- und Br\u00fcdergemeinden) sowie der Stiftung Creative Kirche aus Witten.&nbsp;<\/p>\n<p><strong>Eintrittskarten ab 24,95 Euro erhalten Sie unter: <a href=\"http:\/\/www.king-musical.de\/tickets\">www.king-musical.de\/tickets<\/a>&nbsp;<\/strong><\/p>\n<p><em>Ein Beitrag von Nicole Giese, Creative Kirche.<\/em><\/p>\n<p>Kirche-Oldenburg<br \/>\n<a href=\"https:\/\/www.kirche-oldenburg.de\/\/aktuell\/pressemitteilungen\/artikel\/chormusical-martin-luther-king-am-samstag-in-oldenburg\" target=\"_blank\" rel=\"noopener\">Chormusical \u201eMartin Luther King\u201c am Samstag in Oldenburg<\/a><\/p>\n","protected":false},"excerpt":{"rendered":"<p>Nur noch wenige Tage \u2013 dann ist die mitrei\u00dfende Show des Chormusicals \u201eMartin Luther King\u201c am Samstag, 9. September, um 19 Uhr in der Oldenburger EWE-Arena zu sehen. Mit dabei: rund 1.000 S\u00e4ngerinnen und S\u00e4nger aus Oldenburg und der Region. Am letzten Wochenende sang der Mega-Chor erstmals gemeinsam unter der Leitung von Landeskirchenmusikdirektorin Beate Besser und Popkantorin Sarina Lal. Bei der Hauptprobe \u00fcberraschte die erfolgreiche Musicaldarstellerin Bonita Niessen die S\u00e4ngerinnen und S\u00e4nger. Sie spielt und singt im Musical Rosa Parks, eine Mitstreiterin Martin Luther Kings. Bei der Hauptprobe sang Bonita Niessen gemeinsam mit dem Chor einige Lieder und nahm sich&#8230;<\/p>\n","protected":false},"author":7,"featured_media":0,"comment_status":"false","ping_status":"open","sticky":false,"template":"","format":"standard","meta":{"footnotes":""},"categories":[43],"tags":[44],"class_list":["post-25050","post","type-post","status-publish","format-standard","hentry","category-kirche-oldenburg","tag-kirche-oldenburg"],"_links":{"self":[{"href":"https:\/\/christusnews.de\/site\/wp-json\/wp\/v2\/posts\/25050","targetHints":{"allow":["GET"]}}],"collection":[{"href":"https:\/\/christusnews.de\/site\/wp-json\/wp\/v2\/posts"}],"about":[{"href":"https:\/\/christusnews.de\/site\/wp-json\/wp\/v2\/types\/post"}],"author":[{"embeddable":true,"href":"https:\/\/christusnews.de\/site\/wp-json\/wp\/v2\/users\/7"}],"replies":[{"embeddable":true,"href":"https:\/\/christusnews.de\/site\/wp-json\/wp\/v2\/comments?post=25050"}],"version-history":[{"count":1,"href":"https:\/\/christusnews.de\/site\/wp-json\/wp\/v2\/posts\/25050\/revisions"}],"predecessor-version":[{"id":25051,"href":"https:\/\/christusnews.de\/site\/wp-json\/wp\/v2\/posts\/25050\/revisions\/25051"}],"wp:attachment":[{"href":"https:\/\/christusnews.de\/site\/wp-json\/wp\/v2\/media?parent=25050"}],"wp:term":[{"taxonomy":"category","embeddable":true,"href":"https:\/\/christusnews.de\/site\/wp-json\/wp\/v2\/categories?post=25050"},{"taxonomy":"post_tag","embeddable":true,"href":"https:\/\/christusnews.de\/site\/wp-json\/wp\/v2\/tags?post=25050"}],"curies":[{"name":"wp","href":"https:\/\/api.w.org\/{rel}","templated":true}]}}