{"id":25052,"date":"2023-09-08T20:22:00","date_gmt":"2023-09-08T18:22:00","guid":{"rendered":"https:\/\/christusnews.de\/site\/acht-spanische-fachkraefte-bereichern-seit-anfang-september-ekito-teams\/"},"modified":"2023-09-08T23:17:56","modified_gmt":"2023-09-08T21:17:56","slug":"acht-spanische-fachkraefte-bereichern-seit-anfang-september-ekito-teams","status":"publish","type":"post","link":"https:\/\/christusnews.de\/site\/acht-spanische-fachkraefte-bereichern-seit-anfang-september-ekito-teams\/","title":{"rendered":"Acht spanische Fachkr\u00e4fte bereichern seit Anfang September ekito-Teams"},"content":{"rendered":"<p>Die Gesch\u00e4ftsf\u00fchrung und acht Kita-Leitungen des Verbundes ev.-luth. Kindertagesst\u00e4tten im Kirchenkreis Oldenburg Stadt (ekito) haben Anfang September acht hoch motivierte Fachkr\u00e4fte aus Spanien begr\u00fc\u00dft und freuen sich \u00fcber die Verst\u00e4rkung Ihrer Teams. Zu ekito geh\u00f6ren 22 Kindertagesst\u00e4tten mit \u00fcber 2.000 Pl\u00e4tzen und 450 qualifizierten Mitarbeitenden \u2013 wohnortnah in allen Stadtteilen.<\/p>\n<p>Da die Deutschkenntnisse mit einem B1-Niveau bereits in Spanien erlangt wurden, haben alle Fachkr\u00e4fte bereits eine Anerkennung als Sozialassistent\/in, nach einem Jahr ist dann sogar die Ausnahmegenehmigung zum\/zur Erzieher\/in m\u00f6glich.<\/p>\n<p>Im ersten Schritt werden die neuen Mitarbeitenden als Zusatzkr\u00e4fte in den Regelgruppen eingesetzt und \u00fcber die Richtlinie Qualit\u00e4t finanziert. Sobald Sie sich in das p\u00e4dagogische Konzept eingearbeitet haben, ist der Einsatz als Zweitkraft und nach einem Jahr als Erstkraft m\u00f6glich.<\/p>\n<p>Aufgrund der schnellen Verteilung der F\u00f6rdermittel aus der Richtlinie Qualit\u00e4t durch die Stadt Oldenburg an die Tr\u00e4ger, war es uns m\u00f6glich, diese Besch\u00e4ftigungsverh\u00e4ltnisse schon zum 1. September darzustellen. Weitere Einstellung von Zusatzkr\u00e4ften in unsere Regelgruppen sind bereits geplant.<\/p>\n<p><strong>Weitere Informationen finden Sie unter: <a href=\"http:\/\/www.ekito.de\">www.ekito.de<\/a>&nbsp;<\/strong>&nbsp;<br \/>\n&nbsp;<\/p>\n<p>Kirche-Oldenburg<br \/>\n<a href=\"https:\/\/www.kirche-oldenburg.de\/\/aktuell\/aus-den-kirchenkreisen\/artikel\/acht-spanische-fachkraefte-bereichern-seit-anfang-september-ekito-teams\" target=\"_blank\" rel=\"noopener\">Acht spanische Fachkr\u00e4fte bereichern seit Anfang September ekito-Teams<\/a><\/p>\n","protected":false},"excerpt":{"rendered":"<p>Die Gesch\u00e4ftsf\u00fchrung und acht Kita-Leitungen des Verbundes ev.-luth. Kindertagesst\u00e4tten im Kirchenkreis Oldenburg Stadt (ekito) haben Anfang September acht hoch motivierte Fachkr\u00e4fte aus Spanien begr\u00fc\u00dft und freuen sich \u00fcber die Verst\u00e4rkung Ihrer Teams. Zu ekito geh\u00f6ren 22 Kindertagesst\u00e4tten mit \u00fcber 2.000 Pl\u00e4tzen und 450 qualifizierten Mitarbeitenden \u2013 wohnortnah in allen Stadtteilen. Da die Deutschkenntnisse mit einem B1-Niveau bereits in Spanien erlangt wurden, haben alle Fachkr\u00e4fte bereits eine Anerkennung als Sozialassistent\/in, nach einem Jahr ist dann sogar die Ausnahmegenehmigung zum\/zur Erzieher\/in m\u00f6glich. Im ersten Schritt werden die neuen Mitarbeitenden als Zusatzkr\u00e4fte in den Regelgruppen eingesetzt und \u00fcber die Richtlinie Qualit\u00e4t finanziert. Sobald&#8230;<\/p>\n","protected":false},"author":7,"featured_media":0,"comment_status":"false","ping_status":"open","sticky":false,"template":"","format":"standard","meta":{"footnotes":""},"categories":[43],"tags":[44],"class_list":["post-25052","post","type-post","status-publish","format-standard","hentry","category-kirche-oldenburg","tag-kirche-oldenburg"],"_links":{"self":[{"href":"https:\/\/christusnews.de\/site\/wp-json\/wp\/v2\/posts\/25052","targetHints":{"allow":["GET"]}}],"collection":[{"href":"https:\/\/christusnews.de\/site\/wp-json\/wp\/v2\/posts"}],"about":[{"href":"https:\/\/christusnews.de\/site\/wp-json\/wp\/v2\/types\/post"}],"author":[{"embeddable":true,"href":"https:\/\/christusnews.de\/site\/wp-json\/wp\/v2\/users\/7"}],"replies":[{"embeddable":true,"href":"https:\/\/christusnews.de\/site\/wp-json\/wp\/v2\/comments?post=25052"}],"version-history":[{"count":1,"href":"https:\/\/christusnews.de\/site\/wp-json\/wp\/v2\/posts\/25052\/revisions"}],"predecessor-version":[{"id":25053,"href":"https:\/\/christusnews.de\/site\/wp-json\/wp\/v2\/posts\/25052\/revisions\/25053"}],"wp:attachment":[{"href":"https:\/\/christusnews.de\/site\/wp-json\/wp\/v2\/media?parent=25052"}],"wp:term":[{"taxonomy":"category","embeddable":true,"href":"https:\/\/christusnews.de\/site\/wp-json\/wp\/v2\/categories?post=25052"},{"taxonomy":"post_tag","embeddable":true,"href":"https:\/\/christusnews.de\/site\/wp-json\/wp\/v2\/tags?post=25052"}],"curies":[{"name":"wp","href":"https:\/\/api.w.org\/{rel}","templated":true}]}}