{"id":25064,"date":"2023-09-09T08:25:00","date_gmt":"2023-09-09T06:25:00","guid":{"rendered":"https:\/\/christusnews.de\/site\/kirche-fordert-mehr-unterstuetzung-fuer-wohnungslose\/"},"modified":"2023-09-11T11:19:06","modified_gmt":"2023-09-11T09:19:06","slug":"kirche-fordert-mehr-unterstuetzung-fuer-wohnungslose","status":"publish","type":"post","link":"https:\/\/christusnews.de\/site\/kirche-fordert-mehr-unterstuetzung-fuer-wohnungslose\/","title":{"rendered":"Kirche fordert mehr Unterst\u00fctzung f\u00fcr Wohnungslose"},"content":{"rendered":"<p class=\"MsoPlainText\">Bremen (epd). Zum \u00abTag der Wohnungslosen\u00bb an diesem Montag (11. September) hat der Verein f\u00fcr Innere Mission in Bremen mehr Unterst\u00fctzung von Politik und Gesellschaft f\u00fcr Menschen ohne Wohnung gefordert. Menschen in prek\u00e4ren Lebenslagen m\u00fcssten deutlicher in den Blick genommen werden, sagte Vorstandssprecher Thomas R\u00f6hr. Dabei gehe es besonders um den Ausbau von bezahlbarem Wohnraum. Zudem m\u00fcssten die unterst\u00fctzenden Leistungen bei der Pr\u00e4vention vor einem Wohnungsverlust verbessert werden. \u00abWohnen ist ein Menschenrecht\u00bb, betonte R\u00f6hr.<\/p>\n<p class=\"MsoPlainText\">&nbsp;<\/p>\n<p class=\"MsoPlainText\">Die Diskussionen \u00fcber saubere Innenst\u00e4dte und Hauptbahnh\u00f6fe seien nur vermeintlich ein L\u00f6sungsansatz, unterstrich der Vorstandssprecher. \u00abMenschen in prek\u00e4ren Lebenslagen, h\u00e4ufig auch sehr schwer erkrankte Menschen, sind Teil unserer Gesellschaft und bed\u00fcrfen unserer Unterst\u00fctzung. Dies gilt f\u00fcr alle Menschen, unabh\u00e4ngig von Suchtmittelabh\u00e4ngigkeit, psychischer oder somatischer Erkrankung.\u00bb<\/p>\n<p class=\"MsoPlainText\">&nbsp;<\/p>\n<p class=\"MsoPlainText\">Eine reine Vertreibungspolitik werde den Unterst\u00fctzungsbedarfen dieser Menschen nicht gerecht. N\u00f6tig seien \u00abakzeptierte Toleranzfl\u00e4chen\u00bb und Orte, an denen sie sich aufhalten und soziale Unterst\u00fctzung sowie medizinische Versorgung und Beratung erhalten k\u00f6nnten.<\/p>\n<p class=\"MsoPlainText\">&nbsp;<\/p>\n<p class=\"MsoPlainText\">Der von der Bundesregierung angek\u00fcndigte nationale Aktionsplan zur \u00dcberwindung von Wohnungs- und Obdachlosigkeit bis 2030 sei ein Schritt in die richtige Richtung, sagte R\u00f6hr. Die soziale Ausgrenzung auf dem Wohnungsmarkt, in Arbeit, Bildung, und Gesundheit m\u00fcsse beendet werden. \u00abEin nationaler Aktionsplan muss alle diese unterschiedlichen Dimensionen der fehlenden Teilhabe ber\u00fccksichtigen und Perspektiven schaffen.\u00bb Der Verein f\u00fcr Innere Mission geh\u00f6rt zur evangelischen Kirche und ihrer Diakonie.<\/p>\n<p>Kirche-Oldenburg<br \/>\n<a href=\"https:\/\/www.kirche-oldenburg.de\/\/aktuell\/news-niedersachsen\/artikel\/kirche-fordert-mehr-unterstuetzung-fuer-wohnungslose\" target=\"_blank\" rel=\"noopener\">Kirche fordert mehr Unterst\u00fctzung f\u00fcr Wohnungslose<\/a><\/p>\n","protected":false},"excerpt":{"rendered":"<p>Bremen (epd). Zum \u00abTag der Wohnungslosen\u00bb an diesem Montag (11. September) hat der Verein f\u00fcr Innere Mission in Bremen mehr Unterst\u00fctzung von Politik und Gesellschaft f\u00fcr Menschen ohne Wohnung gefordert. Menschen in prek\u00e4ren Lebenslagen m\u00fcssten deutlicher in den Blick genommen werden, sagte Vorstandssprecher Thomas R\u00f6hr. Dabei gehe es besonders um den Ausbau von bezahlbarem Wohnraum. Zudem m\u00fcssten die unterst\u00fctzenden Leistungen bei der Pr\u00e4vention vor einem Wohnungsverlust verbessert werden. \u00abWohnen ist ein Menschenrecht\u00bb, betonte R\u00f6hr. &nbsp; Die Diskussionen \u00fcber saubere Innenst\u00e4dte und Hauptbahnh\u00f6fe seien nur vermeintlich ein L\u00f6sungsansatz, unterstrich der Vorstandssprecher. \u00abMenschen in prek\u00e4ren Lebenslagen, h\u00e4ufig auch sehr schwer erkrankte Menschen,&#8230;<\/p>\n","protected":false},"author":7,"featured_media":0,"comment_status":"false","ping_status":"open","sticky":false,"template":"","format":"standard","meta":{"footnotes":""},"categories":[43],"tags":[44],"class_list":["post-25064","post","type-post","status-publish","format-standard","hentry","category-kirche-oldenburg","tag-kirche-oldenburg"],"_links":{"self":[{"href":"https:\/\/christusnews.de\/site\/wp-json\/wp\/v2\/posts\/25064","targetHints":{"allow":["GET"]}}],"collection":[{"href":"https:\/\/christusnews.de\/site\/wp-json\/wp\/v2\/posts"}],"about":[{"href":"https:\/\/christusnews.de\/site\/wp-json\/wp\/v2\/types\/post"}],"author":[{"embeddable":true,"href":"https:\/\/christusnews.de\/site\/wp-json\/wp\/v2\/users\/7"}],"replies":[{"embeddable":true,"href":"https:\/\/christusnews.de\/site\/wp-json\/wp\/v2\/comments?post=25064"}],"version-history":[{"count":1,"href":"https:\/\/christusnews.de\/site\/wp-json\/wp\/v2\/posts\/25064\/revisions"}],"predecessor-version":[{"id":25065,"href":"https:\/\/christusnews.de\/site\/wp-json\/wp\/v2\/posts\/25064\/revisions\/25065"}],"wp:attachment":[{"href":"https:\/\/christusnews.de\/site\/wp-json\/wp\/v2\/media?parent=25064"}],"wp:term":[{"taxonomy":"category","embeddable":true,"href":"https:\/\/christusnews.de\/site\/wp-json\/wp\/v2\/categories?post=25064"},{"taxonomy":"post_tag","embeddable":true,"href":"https:\/\/christusnews.de\/site\/wp-json\/wp\/v2\/tags?post=25064"}],"curies":[{"name":"wp","href":"https:\/\/api.w.org\/{rel}","templated":true}]}}