{"id":25066,"date":"2023-09-09T08:22:00","date_gmt":"2023-09-09T06:22:00","guid":{"rendered":"https:\/\/christusnews.de\/site\/evangelische-kirche-ruft-zur-beteiligung-am-klimastreik-auf\/"},"modified":"2023-09-11T11:19:07","modified_gmt":"2023-09-11T09:19:07","slug":"evangelische-kirche-ruft-zur-beteiligung-am-klimastreik-auf","status":"publish","type":"post","link":"https:\/\/christusnews.de\/site\/evangelische-kirche-ruft-zur-beteiligung-am-klimastreik-auf\/","title":{"rendered":"Evangelische Kirche ruft zur Beteiligung am Klimastreik auf"},"content":{"rendered":"<p class=\"MsoPlainText\">Hannover (epd). Die evangelische Kirche ruft B\u00fcrgerinnen und B\u00fcrger dazu auf, den Klimastreik am 15. September zu unterst\u00fctzen. \u00abDie ungebremste Erderhitzung setzt die Bedingung der M\u00f6glichkeit menschlichen Lebens aufs Spiel\u00bb, erkl\u00e4rte die Ratsvorsitzende der Evangelischen Kirche in Deutschland (EKD), Annette Kurschus, am Freitag in Hannover. Auch k\u00fcnftige Generationen und Bewohner anderer Erdteile h\u00e4tten das Recht, gut und in F\u00fclle zu leben. \u00abDaf\u00fcr k\u00f6nnen und m\u00fcssen wir alles tun, was in unseren eigenen M\u00f6glichkeiten steht, und zwar jetzt. Um Gottes und der Menschen willen.\u00bb<\/p>\n<p class=\"MsoPlainText\">&nbsp;<\/p>\n<p class=\"MsoPlainText\">Die EKD-Beauftragte f\u00fcr Sch\u00f6pfungsverantwortung, die norddeutsche Landesbisch\u00f6fin Kristina K\u00fchnbaum-Schmidt, schloss sich dem Aufruf an. In einer Videobotschaft lud sie Christinnen und Christen ein, sich in weltweiter \u00f6kumenischer Verbundenheit f\u00fcr mehr Klimaschutz, f\u00fcr Klimagerechtigkeit und das Einhalten des 1,5-Grad-Zieles einzusetzen.<\/p>\n<p class=\"MsoPlainText\">&nbsp;<\/p>\n<p class=\"MsoPlainText\">Die Pr\u00e4ses der EKD-Synode, Anna-Nicole Heinrich, wird laut Ank\u00fcndigung am Klimastreiktag an einer Andacht in der N\u00fcrnberger Kirche St. Lorenz mitwirken. \u00abUnsere Kirchen k\u00f6nnen Auftankorte sein, in denen wir die notwendige Hoffnung und Zuversicht vermitteln, um die Zerst\u00f6rung unseres Planeten aufzuhalten\u00bb, erkl\u00e4rte sie. An den Demonstrationen beteiligen sich den Angaben zufolge auch die evangelischen Landeskirchen sowie die Initiativen \u00abChurches for Future\u00bb und \u00abChristans f\u00fcr Future\u00bb mit eigenen Bannern und Andachten.<\/p>\n<p>Kirche-Oldenburg<br \/>\n<a href=\"https:\/\/www.kirche-oldenburg.de\/\/aktuell\/news-niedersachsen\/artikel\/evangelische-kirche-ruft-zur-beteiligung-am-klimastreik-auf\" target=\"_blank\" rel=\"noopener\">Evangelische Kirche ruft zur Beteiligung am Klimastreik auf<\/a><\/p>\n","protected":false},"excerpt":{"rendered":"<p>Hannover (epd). Die evangelische Kirche ruft B\u00fcrgerinnen und B\u00fcrger dazu auf, den Klimastreik am 15. September zu unterst\u00fctzen. \u00abDie ungebremste Erderhitzung setzt die Bedingung der M\u00f6glichkeit menschlichen Lebens aufs Spiel\u00bb, erkl\u00e4rte die Ratsvorsitzende der Evangelischen Kirche in Deutschland (EKD), Annette Kurschus, am Freitag in Hannover. Auch k\u00fcnftige Generationen und Bewohner anderer Erdteile h\u00e4tten das Recht, gut und in F\u00fclle zu leben. \u00abDaf\u00fcr k\u00f6nnen und m\u00fcssen wir alles tun, was in unseren eigenen M\u00f6glichkeiten steht, und zwar jetzt. Um Gottes und der Menschen willen.\u00bb &nbsp; Die EKD-Beauftragte f\u00fcr Sch\u00f6pfungsverantwortung, die norddeutsche Landesbisch\u00f6fin Kristina K\u00fchnbaum-Schmidt, schloss sich dem Aufruf an. In einer&#8230;<\/p>\n","protected":false},"author":7,"featured_media":0,"comment_status":"false","ping_status":"open","sticky":false,"template":"","format":"standard","meta":{"footnotes":""},"categories":[43],"tags":[44],"class_list":["post-25066","post","type-post","status-publish","format-standard","hentry","category-kirche-oldenburg","tag-kirche-oldenburg"],"_links":{"self":[{"href":"https:\/\/christusnews.de\/site\/wp-json\/wp\/v2\/posts\/25066","targetHints":{"allow":["GET"]}}],"collection":[{"href":"https:\/\/christusnews.de\/site\/wp-json\/wp\/v2\/posts"}],"about":[{"href":"https:\/\/christusnews.de\/site\/wp-json\/wp\/v2\/types\/post"}],"author":[{"embeddable":true,"href":"https:\/\/christusnews.de\/site\/wp-json\/wp\/v2\/users\/7"}],"replies":[{"embeddable":true,"href":"https:\/\/christusnews.de\/site\/wp-json\/wp\/v2\/comments?post=25066"}],"version-history":[{"count":1,"href":"https:\/\/christusnews.de\/site\/wp-json\/wp\/v2\/posts\/25066\/revisions"}],"predecessor-version":[{"id":25067,"href":"https:\/\/christusnews.de\/site\/wp-json\/wp\/v2\/posts\/25066\/revisions\/25067"}],"wp:attachment":[{"href":"https:\/\/christusnews.de\/site\/wp-json\/wp\/v2\/media?parent=25066"}],"wp:term":[{"taxonomy":"category","embeddable":true,"href":"https:\/\/christusnews.de\/site\/wp-json\/wp\/v2\/categories?post=25066"},{"taxonomy":"post_tag","embeddable":true,"href":"https:\/\/christusnews.de\/site\/wp-json\/wp\/v2\/tags?post=25066"}],"curies":[{"name":"wp","href":"https:\/\/api.w.org\/{rel}","templated":true}]}}