{"id":25074,"date":"2023-09-11T09:07:00","date_gmt":"2023-09-11T07:07:00","guid":{"rendered":"https:\/\/christusnews.de\/site\/eltern-initiieren-menschenkette-gegen-afd-aeusserungen-zur-inklusion\/"},"modified":"2023-09-12T11:17:38","modified_gmt":"2023-09-12T09:17:38","slug":"eltern-initiieren-menschenkette-gegen-afd-aeusserungen-zur-inklusion","status":"publish","type":"post","link":"https:\/\/christusnews.de\/site\/eltern-initiieren-menschenkette-gegen-afd-aeusserungen-zur-inklusion\/","title":{"rendered":"Eltern initiieren Menschenkette gegen AfD-\u00c4u\u00dferungen zur Inklusion"},"content":{"rendered":"<p class=\"MsoPlainText\">Vechta (epd). Unter dem Motto \u00abHaltung statt Spaltung. Inklusion ist Menschenrecht\u00bb ruft der \u00abElternkreis Next Generation\u00bb f\u00fcr den 27. September um 17 Uhr in Vechta zu einer \u00abProtest-Aktion gegen rechtsnationales Gedankengut\u00bb auf. Anlass seien die \u00c4u\u00dferungen des Th\u00fcringer AfD-Vorsitzenden Bj\u00f6rn H\u00f6cke zum Thema Inklusion an Schulen, teilte der Landescaritasverband Oldenburg mit Sitz in Vechta am Montag mit. Geplant sei eine Menschenkette, mit der die Kreisstadt symbolisch vor diesem Gedankengut gesch\u00fctzt werden solle.<\/p>\n<p class=\"MsoPlainText\">&nbsp;<\/p>\n<p class=\"MsoPlainText\">H\u00f6cke hatte im MDR-Sommerinterview gesagt, die inklusive Beschulung von Kindern mit Behinderung oder der \u00abGender-Mainstream-Ansatz\u00bb seien Ideologieprojekte, von denen das Bildungssystem \u00abbefreit\u00bb werden m\u00fcsse. Der Elternkreis Next Generation bef\u00fcrchte, \u00abdass es immer salonf\u00e4higer wird, Menschen mit besonderen Herausforderungen an den Rand der Gesellschaft zu dr\u00e4ngen\u00bb, hei\u00dft es in dem Aufruf. Der Elternkreis ist eine Selbsthilfegruppe von Eltern, Geschwistern, Angeh\u00f6rigen und Betreuern von Kindern mit Behinderung unterschiedlichster Altersgruppen.<\/p>\n<p class=\"MsoPlainText\">&nbsp;<\/p>\n<p>Kirche-Oldenburg<br \/>\n<a href=\"https:\/\/www.kirche-oldenburg.de\/\/aktuell\/news-niedersachsen\/artikel\/eltern-initiieren-menschenkette-gegen-afd-aeusserungen-zur-inklusion\" target=\"_blank\" rel=\"noopener\">Eltern initiieren Menschenkette gegen AfD-\u00c4u\u00dferungen zur Inklusion<\/a><\/p>\n","protected":false},"excerpt":{"rendered":"<p>Vechta (epd). Unter dem Motto \u00abHaltung statt Spaltung. Inklusion ist Menschenrecht\u00bb ruft der \u00abElternkreis Next Generation\u00bb f\u00fcr den 27. September um 17 Uhr in Vechta zu einer \u00abProtest-Aktion gegen rechtsnationales Gedankengut\u00bb auf. Anlass seien die \u00c4u\u00dferungen des Th\u00fcringer AfD-Vorsitzenden Bj\u00f6rn H\u00f6cke zum Thema Inklusion an Schulen, teilte der Landescaritasverband Oldenburg mit Sitz in Vechta am Montag mit. Geplant sei eine Menschenkette, mit der die Kreisstadt symbolisch vor diesem Gedankengut gesch\u00fctzt werden solle. &nbsp; H\u00f6cke hatte im MDR-Sommerinterview gesagt, die inklusive Beschulung von Kindern mit Behinderung oder der \u00abGender-Mainstream-Ansatz\u00bb seien Ideologieprojekte, von denen das Bildungssystem \u00abbefreit\u00bb werden m\u00fcsse. Der Elternkreis Next&#8230;<\/p>\n","protected":false},"author":7,"featured_media":0,"comment_status":"false","ping_status":"open","sticky":false,"template":"","format":"standard","meta":{"footnotes":""},"categories":[43],"tags":[44],"class_list":["post-25074","post","type-post","status-publish","format-standard","hentry","category-kirche-oldenburg","tag-kirche-oldenburg"],"_links":{"self":[{"href":"https:\/\/christusnews.de\/site\/wp-json\/wp\/v2\/posts\/25074","targetHints":{"allow":["GET"]}}],"collection":[{"href":"https:\/\/christusnews.de\/site\/wp-json\/wp\/v2\/posts"}],"about":[{"href":"https:\/\/christusnews.de\/site\/wp-json\/wp\/v2\/types\/post"}],"author":[{"embeddable":true,"href":"https:\/\/christusnews.de\/site\/wp-json\/wp\/v2\/users\/7"}],"replies":[{"embeddable":true,"href":"https:\/\/christusnews.de\/site\/wp-json\/wp\/v2\/comments?post=25074"}],"version-history":[{"count":1,"href":"https:\/\/christusnews.de\/site\/wp-json\/wp\/v2\/posts\/25074\/revisions"}],"predecessor-version":[{"id":25075,"href":"https:\/\/christusnews.de\/site\/wp-json\/wp\/v2\/posts\/25074\/revisions\/25075"}],"wp:attachment":[{"href":"https:\/\/christusnews.de\/site\/wp-json\/wp\/v2\/media?parent=25074"}],"wp:term":[{"taxonomy":"category","embeddable":true,"href":"https:\/\/christusnews.de\/site\/wp-json\/wp\/v2\/categories?post=25074"},{"taxonomy":"post_tag","embeddable":true,"href":"https:\/\/christusnews.de\/site\/wp-json\/wp\/v2\/tags?post=25074"}],"curies":[{"name":"wp","href":"https:\/\/api.w.org\/{rel}","templated":true}]}}