{"id":25078,"date":"2023-09-12T09:25:00","date_gmt":"2023-09-12T07:25:00","guid":{"rendered":"https:\/\/christusnews.de\/site\/weiterer-globaler-klimastreik-am-15-september-demonstrationen-an-32-orten-in-niedersachsen-und-bremen\/"},"modified":"2023-09-13T11:18:39","modified_gmt":"2023-09-13T09:18:39","slug":"weiterer-globaler-klimastreik-am-15-september-demonstrationen-an-32-orten-in-niedersachsen-und-bremen","status":"publish","type":"post","link":"https:\/\/christusnews.de\/site\/weiterer-globaler-klimastreik-am-15-september-demonstrationen-an-32-orten-in-niedersachsen-und-bremen\/","title":{"rendered":"Weiterer Globaler Klimastreik am 15. September &#8211; Demonstrationen an  32 Orten in Niedersachsen und Bremen"},"content":{"rendered":"<p class=\"MsoPlainText\">Hannover\/Bremen (epd). Die Sch\u00fclerinitiative \u00abFridays for Future\u00bb und andere Umweltgruppen haben f\u00fcr diesen Freitag (15. September) erneut zu einem globalen Klimastreik aufgerufen. In zahlreichen L\u00e4ndern der Erde seien Demonstrationen, Kundgebungen und andere Aktionen f\u00fcr mehr und wirksameren Klimaschutz geplant, teilte \u00abFridays for Future\u00bb mit. Deutschlandweit wollen Umweltsch\u00fctzer in mehr als 240 Orten auf die Stra\u00dfe gehen. In Niedersachsen und Bremen sind in 32 St\u00e4dten Demos angek\u00fcndigt, unter anderem in Hannover, Braunschweig, Oldenburg, Osnabr\u00fcck und G\u00f6ttingen.<\/p>\n<p class=\"MsoPlainText\">&nbsp;<\/p>\n<p class=\"MsoPlainText\">Die Proteste stehen dieses Mal unter dem zentralen Motto \u00ab#EndFossilFuels\u00bb. \u00abDie n\u00e4chsten f\u00fcnf Jahre werden vermutlich die w\u00e4rmsten seit Beginn der Wetteraufzeichnung\u00bb, hie\u00df es. \u00abDeswegen m\u00fcssen wir jetzt raus aus Kohle, \u00d6l und Gas, brauchen eine echte Verkehrswende und einen Aufbruch auf allen Ebenen.\u00bb Nie zuvor sei es wichtiger als in diesem Jahr, dass Menschen weltweit f\u00fcr Klimaschutz aufst\u00fcnden und zeigten, dass ehrliches, schnelles Handeln dringend notwendig sei.<\/p>\n<p class=\"MsoPlainText\">&nbsp;<\/p>\n<p class=\"MsoPlainText\">Konkret fordert \u00abFridays for Future\u00bb ein sozialgerechtes Klimageld in Kombination mit einer angemessenen CO2-Bepreisung sowie eine Versch\u00e4rfung des Klimaschutzgesetzes. In Niedersachsen verlangen die Aktivisten zudem eine radikale Verkehrswende und die Aufgabe der Blockade der ICE-Neubaustrecke von Hannover nach Hamburg durch die SPD und ihren Vorsitzenden Lars Klingbeil.<\/p>\n<p class=\"MsoPlainText\">&nbsp;<\/p>\n<p class=\"MsoPlainText\">\u00abWas wir derzeit von der SPD und anderen Parteien in Regierungsverantwortung im Land und Bund sehen, ist nichts als ein klimapolitischer Scherbenhaufen\u00bb, sagte die Sprecherin von \u00abFridays for Future\u00bb Niedersachsen, Nele Evers. Anstatt angesichts einer immer weiter eskalierenden Klimakrise jetzt mutige Ver\u00e4nderungen anzugehen, w\u00fcrden wichtige Erfolge wie das Klimaschutzgesetz entkernt und notwendige Ma\u00dfnahmen wie die Neubaustrecke Hannover-Hamburg weiter blockiert.<\/p>\n<p class=\"MsoPlainText\">&nbsp;<\/p>\n<p class=\"MsoPlainText\">Auch in Hannover hat die Demonstranten eine sozial gerechte Verkehrswende zum Ziel. \u00abDie Verkehrswende dr\u00e4ngt. Gerade weil das Verkehrsministerium immer wieder seine Klimaziele verfehlt, ohne daraus Konsequenzen zu ziehen\u00bb, erkl\u00e4rte \u00abFridays for Future\u00bb Hannover. \u00abWir k\u00e4mpfen f\u00fcr einen Ausbau des Schienennetzes und einen \u00d6PNV f\u00fcr alle &#8211; vereint mit der Forderung nach besseren Arbeitsbedingungen und L\u00f6hnen f\u00fcr die Besch\u00e4ftigten.\u00bb Deswegen werde es auf der Demo auch einen Redebeitrag von einer besch\u00e4ftigten Person des lokalen Verkehrsunternehmen \u00dcstra geben.<\/p>\n<p>Kirche-Oldenburg<br \/>\n<a href=\"https:\/\/www.kirche-oldenburg.de\/\/aktuell\/news-niedersachsen\/artikel\/weiterer-globaler-klimastreik-am-15-september-demonstrationen-an-32-orten-in-niedersachsen-und-bremen\" target=\"_blank\" rel=\"noopener\">Weiterer Globaler Klimastreik am 15. September &#8211; Demonstrationen an  32 Orten in Niedersachsen und Bremen<\/a><\/p>\n","protected":false},"excerpt":{"rendered":"<p>Hannover\/Bremen (epd). Die Sch\u00fclerinitiative \u00abFridays for Future\u00bb und andere Umweltgruppen haben f\u00fcr diesen Freitag (15. September) erneut zu einem globalen Klimastreik aufgerufen. In zahlreichen L\u00e4ndern der Erde seien Demonstrationen, Kundgebungen und andere Aktionen f\u00fcr mehr und wirksameren Klimaschutz geplant, teilte \u00abFridays for Future\u00bb mit. Deutschlandweit wollen Umweltsch\u00fctzer in mehr als 240 Orten auf die Stra\u00dfe gehen. In Niedersachsen und Bremen sind in 32 St\u00e4dten Demos angek\u00fcndigt, unter anderem in Hannover, Braunschweig, Oldenburg, Osnabr\u00fcck und G\u00f6ttingen. &nbsp; Die Proteste stehen dieses Mal unter dem zentralen Motto \u00ab#EndFossilFuels\u00bb. \u00abDie n\u00e4chsten f\u00fcnf Jahre werden vermutlich die w\u00e4rmsten seit Beginn der Wetteraufzeichnung\u00bb, hie\u00df es&#8230;.<\/p>\n","protected":false},"author":7,"featured_media":0,"comment_status":"false","ping_status":"open","sticky":false,"template":"","format":"standard","meta":{"footnotes":""},"categories":[43],"tags":[44],"class_list":["post-25078","post","type-post","status-publish","format-standard","hentry","category-kirche-oldenburg","tag-kirche-oldenburg"],"_links":{"self":[{"href":"https:\/\/christusnews.de\/site\/wp-json\/wp\/v2\/posts\/25078","targetHints":{"allow":["GET"]}}],"collection":[{"href":"https:\/\/christusnews.de\/site\/wp-json\/wp\/v2\/posts"}],"about":[{"href":"https:\/\/christusnews.de\/site\/wp-json\/wp\/v2\/types\/post"}],"author":[{"embeddable":true,"href":"https:\/\/christusnews.de\/site\/wp-json\/wp\/v2\/users\/7"}],"replies":[{"embeddable":true,"href":"https:\/\/christusnews.de\/site\/wp-json\/wp\/v2\/comments?post=25078"}],"version-history":[{"count":1,"href":"https:\/\/christusnews.de\/site\/wp-json\/wp\/v2\/posts\/25078\/revisions"}],"predecessor-version":[{"id":25079,"href":"https:\/\/christusnews.de\/site\/wp-json\/wp\/v2\/posts\/25078\/revisions\/25079"}],"wp:attachment":[{"href":"https:\/\/christusnews.de\/site\/wp-json\/wp\/v2\/media?parent=25078"}],"wp:term":[{"taxonomy":"category","embeddable":true,"href":"https:\/\/christusnews.de\/site\/wp-json\/wp\/v2\/categories?post=25078"},{"taxonomy":"post_tag","embeddable":true,"href":"https:\/\/christusnews.de\/site\/wp-json\/wp\/v2\/tags?post=25078"}],"curies":[{"name":"wp","href":"https:\/\/api.w.org\/{rel}","templated":true}]}}