{"id":25094,"date":"2023-09-13T09:07:00","date_gmt":"2023-09-13T07:07:00","guid":{"rendered":"https:\/\/christusnews.de\/site\/neue-klosterkammer-praesidentin-wernstedt-im-amt\/"},"modified":"2023-09-14T11:17:31","modified_gmt":"2023-09-14T09:17:31","slug":"neue-klosterkammer-praesidentin-wernstedt-im-amt","status":"publish","type":"post","link":"https:\/\/christusnews.de\/site\/neue-klosterkammer-praesidentin-wernstedt-im-amt\/","title":{"rendered":"Neue Klosterkammer-Pr\u00e4sidentin Wernstedt im Amt"},"content":{"rendered":"<p class=\"MsoPlainText\">Hannover (epd). Die neue Pr\u00e4sidentin der Klosterkammer Hannover, Thela Wernstedt, hat am Mittwoch ihr Amt angetreten. Zun\u00e4chst wolle sie mit den Mitarbeitenden der traditionsreichen Einrichtung sprechen und die Kl\u00f6ster und Stifte im Land besuchen, teilte Klosterkammer mit. Die nieders\u00e4chsische Landesregierung hatte sich im vergangenen Juni f\u00fcr Wernstedt als Nachfolgerin von Hans-Christian Biallas entschieden, der nach elf Jahren im Amt im Februar 2022 \u00fcberraschend verstorben war.<\/p>\n<p class=\"MsoPlainText\">&nbsp;<\/p>\n<p class=\"MsoPlainText\">F\u00fcr die Klosterkammer mit ihren vielf\u00e4ltigen Aufgaben sei es wichtig, dass die lange Zeit der Vakanz der Pr\u00e4sidentenstelle nun ein Ende hat, sagte Niedersachsens Kulturminister Falko Mohrs (SPD). Wernstedt habe einen klaren Blick auf die Weiterentwicklung von Projekten in den Bereichen Kirche, Bildung und Soziales.<\/p>\n<p class=\"MsoPlainText\">&nbsp;<\/p>\n<p class=\"MsoPlainText\">Thela Wernstedt war von 2004 bis 2013 Ober\u00e4rztin f\u00fcr Palliativmedizin an der Medizinischen Hochschule Hannover (MHH). Seit 2013 ist sie als Landtagsabgeordnete unter anderem Mitglied im Ausschuss f\u00fcr Soziales, Arbeit, Gesundheit und Gleichstellung.&nbsp;Wernstedt ist Mitglied im Pr\u00e4sidium des Deutschen Evangelischen Kirchentages und der Landessynode Hannovers. Zudem ist sie Vorsitzende des Konvents der Evangelischen Akademie Loccum und Mitglied im Stiftungsrat der Diakovere Stiftung.<\/p>\n<p class=\"MsoPlainText\">&nbsp;<\/p>\n<p class=\"MsoPlainText\">Die Klosterkammer verwaltet als Sonderbeh\u00f6rde des Landes Niedersachsen das Verm\u00f6gen von vier Stiftungen, die aus ehemals kirchlichem Verm\u00f6gen entstanden sind. Aus den Ertr\u00e4gen unterh\u00e4lt sie insgesamt rund 800 Geb\u00e4ude und 12.000 Kunstobjekte. Au\u00dferdem f\u00f6rdert sie neben den Calenberger Kl\u00f6stern, den Heidekl\u00f6stern und Damenstiften mit weiteren 2,5 Millionen Euro pro Jahr kirchliche, soziale und bildungsbezogene Projekte.<\/p>\n<p>Kirche-Oldenburg<br \/>\n<a href=\"https:\/\/www.kirche-oldenburg.de\/\/aktuell\/news-niedersachsen\/artikel\/neue-klosterkammer-praesidentin-wernstedt-im-amt\" target=\"_blank\" rel=\"noopener\">Neue Klosterkammer-Pr\u00e4sidentin Wernstedt im Amt<\/a><\/p>\n","protected":false},"excerpt":{"rendered":"<p>Hannover (epd). Die neue Pr\u00e4sidentin der Klosterkammer Hannover, Thela Wernstedt, hat am Mittwoch ihr Amt angetreten. Zun\u00e4chst wolle sie mit den Mitarbeitenden der traditionsreichen Einrichtung sprechen und die Kl\u00f6ster und Stifte im Land besuchen, teilte Klosterkammer mit. Die nieders\u00e4chsische Landesregierung hatte sich im vergangenen Juni f\u00fcr Wernstedt als Nachfolgerin von Hans-Christian Biallas entschieden, der nach elf Jahren im Amt im Februar 2022 \u00fcberraschend verstorben war. &nbsp; F\u00fcr die Klosterkammer mit ihren vielf\u00e4ltigen Aufgaben sei es wichtig, dass die lange Zeit der Vakanz der Pr\u00e4sidentenstelle nun ein Ende hat, sagte Niedersachsens Kulturminister Falko Mohrs (SPD). Wernstedt habe einen klaren Blick auf&#8230;<\/p>\n","protected":false},"author":7,"featured_media":0,"comment_status":"false","ping_status":"open","sticky":false,"template":"","format":"standard","meta":{"footnotes":""},"categories":[43],"tags":[44],"class_list":["post-25094","post","type-post","status-publish","format-standard","hentry","category-kirche-oldenburg","tag-kirche-oldenburg"],"_links":{"self":[{"href":"https:\/\/christusnews.de\/site\/wp-json\/wp\/v2\/posts\/25094","targetHints":{"allow":["GET"]}}],"collection":[{"href":"https:\/\/christusnews.de\/site\/wp-json\/wp\/v2\/posts"}],"about":[{"href":"https:\/\/christusnews.de\/site\/wp-json\/wp\/v2\/types\/post"}],"author":[{"embeddable":true,"href":"https:\/\/christusnews.de\/site\/wp-json\/wp\/v2\/users\/7"}],"replies":[{"embeddable":true,"href":"https:\/\/christusnews.de\/site\/wp-json\/wp\/v2\/comments?post=25094"}],"version-history":[{"count":1,"href":"https:\/\/christusnews.de\/site\/wp-json\/wp\/v2\/posts\/25094\/revisions"}],"predecessor-version":[{"id":25095,"href":"https:\/\/christusnews.de\/site\/wp-json\/wp\/v2\/posts\/25094\/revisions\/25095"}],"wp:attachment":[{"href":"https:\/\/christusnews.de\/site\/wp-json\/wp\/v2\/media?parent=25094"}],"wp:term":[{"taxonomy":"category","embeddable":true,"href":"https:\/\/christusnews.de\/site\/wp-json\/wp\/v2\/categories?post=25094"},{"taxonomy":"post_tag","embeddable":true,"href":"https:\/\/christusnews.de\/site\/wp-json\/wp\/v2\/tags?post=25094"}],"curies":[{"name":"wp","href":"https:\/\/api.w.org\/{rel}","templated":true}]}}