{"id":25114,"date":"2023-09-14T08:55:00","date_gmt":"2023-09-14T06:55:00","guid":{"rendered":"https:\/\/christusnews.de\/site\/bischof-meister-fordert-breite-beteiligung-an-globalem-klimastreik\/"},"modified":"2023-09-15T11:17:25","modified_gmt":"2023-09-15T09:17:25","slug":"bischof-meister-fordert-breite-beteiligung-an-globalem-klimastreik","status":"publish","type":"post","link":"https:\/\/christusnews.de\/site\/bischof-meister-fordert-breite-beteiligung-an-globalem-klimastreik\/","title":{"rendered":"Bischof Meister fordert breite Beteiligung an globalem Klimastreik"},"content":{"rendered":"<p class=\"MsoPlainText\">Hannover (epd). Der hannoversche Landesbischof Ralf Meister hat zu einer breiten Teilnahme an dem f\u00fcr Freitag (15. September) geplanten globalen Klimastreik aufgerufen. \u00abEs ist h\u00f6chste Zeit, dass wieder viele Menschen in der ganzen Welt friedlich und weithin sichtbar f\u00fcr den Schutz des Klimas demonstrieren\u00bb, betonte Meister am Donnerstag in Hannover. In den letzten Jahren habe sich die Klimakrise weiter versch\u00e4rft, die \u00f6ffentliche Aufmerksamkeit f\u00fcr dieses Thema sei jedoch gesunken.<\/p>\n<p class=\"MsoPlainText\">&nbsp;<\/p>\n<p class=\"MsoPlainText\">Der Bischof betonte, die nationalen und internationalen Anstrengungen zur Eind\u00e4mmung des Klimawandels reichten nicht aus.&nbsp;\u00abDeshalb ist es entscheidend, dieses \u00fcberlebenswichtige Zukunftsthema hartn\u00e4ckig in die \u00d6ffentlichkeit zu bringen. Verantwortung f\u00fcr unsere Sch\u00f6pfung zu \u00fcbernehmen, ist das Gebot der Stunde\u00bb, unterstrich er.&nbsp;Meister, der derzeit bei der Vollversammlung des Lutherischen Weltbundes in Krakau ist, will sich den Angaben der hannoverschen Landeskirche zufolge mit einer Videobotschaft \u00fcber die sozialen Medien an dem Klimaprotest beteiligen.<\/p>\n<p class=\"MsoPlainText\">&nbsp;<\/p>\n<p class=\"MsoPlainText\">Zu dem globalen Klimastreik aufgerufen haben die Sch\u00fclerinitiative \u00abFridays for Future\u00bb und andere Umweltgruppen. Allein in Deutschland wollen Umweltsch\u00fctzer in mehr als 240 Orten auf die Stra\u00dfe gehen. In Niedersachsen und Bremen sind in 32 St\u00e4dten Demos angek\u00fcndigt.<\/p>\n<p>Kirche-Oldenburg<br \/>\n<a href=\"https:\/\/www.kirche-oldenburg.de\/\/aktuell\/news-niedersachsen\/artikel\/bischof-meister-fordert-breite-beteiligung-an-globalem-klimastreik\" target=\"_blank\" rel=\"noopener\">Bischof Meister fordert breite Beteiligung an globalem Klimastreik<\/a><\/p>\n","protected":false},"excerpt":{"rendered":"<p>Hannover (epd). Der hannoversche Landesbischof Ralf Meister hat zu einer breiten Teilnahme an dem f\u00fcr Freitag (15. September) geplanten globalen Klimastreik aufgerufen. \u00abEs ist h\u00f6chste Zeit, dass wieder viele Menschen in der ganzen Welt friedlich und weithin sichtbar f\u00fcr den Schutz des Klimas demonstrieren\u00bb, betonte Meister am Donnerstag in Hannover. In den letzten Jahren habe sich die Klimakrise weiter versch\u00e4rft, die \u00f6ffentliche Aufmerksamkeit f\u00fcr dieses Thema sei jedoch gesunken. &nbsp; Der Bischof betonte, die nationalen und internationalen Anstrengungen zur Eind\u00e4mmung des Klimawandels reichten nicht aus.&nbsp;\u00abDeshalb ist es entscheidend, dieses \u00fcberlebenswichtige Zukunftsthema hartn\u00e4ckig in die \u00d6ffentlichkeit zu bringen. Verantwortung f\u00fcr unsere&#8230;<\/p>\n","protected":false},"author":7,"featured_media":0,"comment_status":"false","ping_status":"open","sticky":false,"template":"","format":"standard","meta":{"footnotes":""},"categories":[43],"tags":[44],"class_list":["post-25114","post","type-post","status-publish","format-standard","hentry","category-kirche-oldenburg","tag-kirche-oldenburg"],"_links":{"self":[{"href":"https:\/\/christusnews.de\/site\/wp-json\/wp\/v2\/posts\/25114","targetHints":{"allow":["GET"]}}],"collection":[{"href":"https:\/\/christusnews.de\/site\/wp-json\/wp\/v2\/posts"}],"about":[{"href":"https:\/\/christusnews.de\/site\/wp-json\/wp\/v2\/types\/post"}],"author":[{"embeddable":true,"href":"https:\/\/christusnews.de\/site\/wp-json\/wp\/v2\/users\/7"}],"replies":[{"embeddable":true,"href":"https:\/\/christusnews.de\/site\/wp-json\/wp\/v2\/comments?post=25114"}],"version-history":[{"count":1,"href":"https:\/\/christusnews.de\/site\/wp-json\/wp\/v2\/posts\/25114\/revisions"}],"predecessor-version":[{"id":25115,"href":"https:\/\/christusnews.de\/site\/wp-json\/wp\/v2\/posts\/25114\/revisions\/25115"}],"wp:attachment":[{"href":"https:\/\/christusnews.de\/site\/wp-json\/wp\/v2\/media?parent=25114"}],"wp:term":[{"taxonomy":"category","embeddable":true,"href":"https:\/\/christusnews.de\/site\/wp-json\/wp\/v2\/categories?post=25114"},{"taxonomy":"post_tag","embeddable":true,"href":"https:\/\/christusnews.de\/site\/wp-json\/wp\/v2\/tags?post=25114"}],"curies":[{"name":"wp","href":"https:\/\/api.w.org\/{rel}","templated":true}]}}