{"id":25128,"date":"2023-09-17T12:51:00","date_gmt":"2023-09-17T10:51:00","guid":{"rendered":"https:\/\/christusnews.de\/site\/reformierte-und-katholiken-beziehen-gemeinsames-gemeindehaus\/"},"modified":"2023-09-18T23:18:08","modified_gmt":"2023-09-18T21:18:08","slug":"reformierte-und-katholiken-beziehen-gemeinsames-gemeindehaus","status":"publish","type":"post","link":"https:\/\/christusnews.de\/site\/reformierte-und-katholiken-beziehen-gemeinsames-gemeindehaus\/","title":{"rendered":"Reformierte und Katholiken beziehen gemeinsames Gemeindehaus"},"content":{"rendered":"<p class=\"MsoPlainText\">Baccum\/Kr. Emsland (epd). Die katholische und die evangelisch-reformierte Kirchengemeinde im emsl\u00e4ndischen Baccum bei Lingen haben am Sonntag ein gemeinsames \u00f6kumenisches Gemeindehaus er\u00f6ffnet. Vertreterinnen und Vertreter der beiden Kirchen w\u00fcrdigten das Projekt als \u00ab\u00d6kumene par excellence\u00bb. Unter ihnen waren der katholische Weihbischof des Bistums Osnabr\u00fcck, Johannes W\u00fcbbe, und die reformierte Kirchenpr\u00e4sidentin Susanne Bei der Wieden.<\/p>\n<p class=\"MsoPlainText\">&nbsp;<\/p>\n<p class=\"MsoPlainText\">In ihrer Predigt erinnerte Bei der Wieden laut Manuskript daran, dass \u00abdiese Gemeinschaft, so sehr wir uns an ihr freuen, auch aus der Not geboren ist\u00bb. Die Zahl der Kirchenmitglieder gehe zur\u00fcck, die Finanzkraft der Kirchen sinke. \u00abWir werden diese Gemeinsamkeit brauchen in einer Zeit und Gesellschaft, in der wir auf beiden Seiten weniger werden.\u00bb<\/p>\n<p class=\"MsoPlainText\">&nbsp;<\/p>\n<p class=\"MsoPlainText\">Urspr\u00fcnglich hatten dem reformierten Kirchensprecher Ulf Preu\u00df zufolge die Katholiken angefragt, ob sie f\u00fcr den Zeitraum der notwendigen Renovierung ihres Gemeindehauses das evangelisch-reformierte Geb\u00e4ude mit nutzen k\u00f6nnten. Da auch das evangelische Gemeindehaus sanierungsbed\u00fcrftig war, sei die Idee eines gemeinsamen \u00f6kumenischen Hauses entstanden.<\/p>\n<p class=\"MsoPlainText\">&nbsp;<\/p>\n<p class=\"MsoPlainText\">2022 habe die katholische Gemeinde das reformierte Zentrum f\u00fcr den symbolischen Preis von einem Euro gekauft und mit 1,3 Millionen Euro nach neuesten Standards saniert, sagte Preu\u00df. Die reformierte Gemeinde habe daf\u00fcr ein dauerhaftes Nutzungsrecht erhalten und beteilige sich mit einem Drittel an den Nebenkosten.<\/p>\n<p class=\"MsoPlainText\">&nbsp;<\/p>\n<p class=\"MsoPlainText\">Die beiden Kirchengemeinden kooperieren laut Preu\u00df schon seit etlichen Jahren eng miteinander. Zur katholischen Gemeinde vor Ort z\u00e4hlen etwa 1.600 Kirchenmitglieder, zur evangelisch-reformierten Gemeinde rund 360.<\/p>\n<p>Kirche-Oldenburg<br \/>\n<a href=\"https:\/\/www.kirche-oldenburg.de\/\/aktuell\/news-niedersachsen\/artikel\/reformierte-und-katholiken-beziehen-gemeinsames-gemeindehaus\" target=\"_blank\" rel=\"noopener\">Reformierte und Katholiken beziehen gemeinsames Gemeindehaus<\/a><\/p>\n","protected":false},"excerpt":{"rendered":"<p>Baccum\/Kr. Emsland (epd). Die katholische und die evangelisch-reformierte Kirchengemeinde im emsl\u00e4ndischen Baccum bei Lingen haben am Sonntag ein gemeinsames \u00f6kumenisches Gemeindehaus er\u00f6ffnet. Vertreterinnen und Vertreter der beiden Kirchen w\u00fcrdigten das Projekt als \u00ab\u00d6kumene par excellence\u00bb. Unter ihnen waren der katholische Weihbischof des Bistums Osnabr\u00fcck, Johannes W\u00fcbbe, und die reformierte Kirchenpr\u00e4sidentin Susanne Bei der Wieden. &nbsp; In ihrer Predigt erinnerte Bei der Wieden laut Manuskript daran, dass \u00abdiese Gemeinschaft, so sehr wir uns an ihr freuen, auch aus der Not geboren ist\u00bb. Die Zahl der Kirchenmitglieder gehe zur\u00fcck, die Finanzkraft der Kirchen sinke. \u00abWir werden diese Gemeinsamkeit brauchen in einer Zeit&#8230;<\/p>\n","protected":false},"author":7,"featured_media":0,"comment_status":"false","ping_status":"open","sticky":false,"template":"","format":"standard","meta":{"footnotes":""},"categories":[43],"tags":[44],"class_list":["post-25128","post","type-post","status-publish","format-standard","hentry","category-kirche-oldenburg","tag-kirche-oldenburg"],"_links":{"self":[{"href":"https:\/\/christusnews.de\/site\/wp-json\/wp\/v2\/posts\/25128","targetHints":{"allow":["GET"]}}],"collection":[{"href":"https:\/\/christusnews.de\/site\/wp-json\/wp\/v2\/posts"}],"about":[{"href":"https:\/\/christusnews.de\/site\/wp-json\/wp\/v2\/types\/post"}],"author":[{"embeddable":true,"href":"https:\/\/christusnews.de\/site\/wp-json\/wp\/v2\/users\/7"}],"replies":[{"embeddable":true,"href":"https:\/\/christusnews.de\/site\/wp-json\/wp\/v2\/comments?post=25128"}],"version-history":[{"count":1,"href":"https:\/\/christusnews.de\/site\/wp-json\/wp\/v2\/posts\/25128\/revisions"}],"predecessor-version":[{"id":25129,"href":"https:\/\/christusnews.de\/site\/wp-json\/wp\/v2\/posts\/25128\/revisions\/25129"}],"wp:attachment":[{"href":"https:\/\/christusnews.de\/site\/wp-json\/wp\/v2\/media?parent=25128"}],"wp:term":[{"taxonomy":"category","embeddable":true,"href":"https:\/\/christusnews.de\/site\/wp-json\/wp\/v2\/categories?post=25128"},{"taxonomy":"post_tag","embeddable":true,"href":"https:\/\/christusnews.de\/site\/wp-json\/wp\/v2\/tags?post=25128"}],"curies":[{"name":"wp","href":"https:\/\/api.w.org\/{rel}","templated":true}]}}