{"id":25130,"date":"2023-09-17T12:50:00","date_gmt":"2023-09-17T10:50:00","guid":{"rendered":"https:\/\/christusnews.de\/site\/weltkindertag-verbaende-fordern-verbesserung-bei-grundsicherung\/"},"modified":"2023-09-18T23:18:09","modified_gmt":"2023-09-18T21:18:09","slug":"weltkindertag-verbaende-fordern-verbesserung-bei-grundsicherung","status":"publish","type":"post","link":"https:\/\/christusnews.de\/site\/weltkindertag-verbaende-fordern-verbesserung-bei-grundsicherung\/","title":{"rendered":"Weltkindertag: Verb\u00e4nde fordern Verbesserung bei Grundsicherung"},"content":{"rendered":"<p class=\"MsoPlainText\">Hannover (epd). Anl\u00e4sslich des Weltkindertages am Mittwoch (20. September) haben Vertreter von Verb\u00e4nden insbesondere eine Nachbesserung der Kindergrundsicherung gefordert. Diese m\u00fcsste ausk\u00f6mmlich finanziert werden, sagte der Vorstandssprecher der Diakonie in Niedersachsen, Hans-Joachim Lenke, dem Evangelischen Pressedienst (epd). Auch die Vorsitzende des nieders\u00e4chsischen Kinderschutzbundes, Daniela Rump, forderte eine Nachbesserung des Gesetzes.<\/p>\n<p class=\"MsoPlainText\">&nbsp;<\/p>\n<p class=\"MsoPlainText\">Die eingeplanten j\u00e4hrlichen Mehrausgaben von 2,4 Milliarden Euro ab 2025 reichten nicht aus, kritisierte Rump. \u00abDer lange Streit um die Kindergrundsicherung ist traurig und das Ergebnis entt\u00e4uschend.\u00bb Kinderarmut sei ein wichtiges und besch\u00e4mendes Thema, vor dem die Gesellschaft nicht die Augen verschlie\u00dfen d\u00fcrfe.<\/p>\n<p class=\"MsoPlainText\">&nbsp;<\/p>\n<p class=\"MsoPlainText\">Die Mittel f\u00fcr Kinder und Jugendliche m\u00fcssten unter anderem bedarfsgerecht gestaltet und das Existenzminimum neu berechnet werden, forderte die Kinderschutzbund-Vorsitzende. \u00abDie Leistung muss von den echten Bedarfen dieser ersten Lebensphasen ausgehen und wirklich armutsverhindernd wirken.\u00bb F\u00fcr alle Berechtigten m\u00fcsse das Beantragen und die Auszahlung automatisch und unb\u00fcrokratisch abgewickelt werden.<\/p>\n<p class=\"MsoPlainText\">&nbsp;<\/p>\n<p class=\"MsoPlainText\">Vorstandssprecher Lenke forderte au\u00dferdem einen gleichberechtigten Zugang zu Bildung. \u00abSie ist wesentliche Grundlage f\u00fcr ein erfolgreiches Arbeitsleben und damit der Schl\u00fcssel f\u00fcr ein eigenst\u00e4ndiges Leben.\u00bb Dazu z\u00e4hle der Ausbau von Kitas zu Familienzentren. Die Ganztagsschule m\u00fcsse ein Regelangebot werden und Sch\u00fclerinnen und Sch\u00fcler mit entsprechendem Bedarf freie Lernmittel erhalten.<\/p>\n<p class=\"MsoPlainText\">&nbsp;<\/p>\n<p class=\"MsoPlainText\">W\u00e4hrend der Corona-Pandemie h\u00e4tten Kinder und Jugendliche auf Vieles verzichten m\u00fcssen, unterstrich Lenke. \u00abAls Gesellschaft sind wir es dieser Generation schuldig, etwas zur\u00fcckzugeben.\u00bb Die \u00e4ltere Generation habe die Pflicht, die Weichen f\u00fcr eine zukunftsorientierte Politik im Namen der Kinder zu stellen. Dazu geh\u00f6re auch, sie in Anliegen wie dem Klimaschutz ernst zu nehmen und sie zu unterst\u00fctzen.<\/p>\n<p class=\"MsoPlainText\">&nbsp;<\/p>\n<p class=\"MsoPlainText\">Auch die Vorsitzende des Kinderschutzbundes mahnte, dass die Interessen von Kindern und Jugendlichen in der Gesellschaft endlich beachtet werden m\u00fcssten. \u00abIch bin davon \u00fcberzeugt, dass junge Menschen sich viel mehr mit gesellschaftlichen Themen auseinandersetzen, diskutieren und eine Meinung zu politischen Themen haben, als sehr h\u00e4ufig angenommen wird.\u00bb Gleichzeitig f\u00fchlten sich Kinder und Jugendliche durch die Politik und die Gesellschaft leider nicht immer ernst genommen.<\/p>\n<p class=\"MsoPlainText\">&nbsp;<\/p>\n<p class=\"MsoPlainText\">Junge Menschen m\u00fcssten demokratisch angemessen ber\u00fccksichtigt werden. Sie m\u00fcssten bei allen Entscheidungen, Planungen und Ma\u00dfnahmen, die sie betreffen, einbezogen werden, unterstrich die Vorsitzende. Es brauche daf\u00fcr einen Perspektiv- und Politikwechsel in Deutschland. So sollten die Kinderrechte im Grundgesetz aufgenommen und junge Menschen st\u00e4rker politisch beteiligt werden. Das Wahlalter k\u00f6nne beispielsweise auf 14 Jahre gesenkt und in Kommunen und im Land k\u00f6nnten Jugendparlamente gebildet werden.<\/p>\n<p>Kirche-Oldenburg<br \/>\n<a href=\"https:\/\/www.kirche-oldenburg.de\/\/aktuell\/news-niedersachsen\/artikel\/weltkindertag-verbaende-fordern-verbesserung-bei-grundsicherung\" target=\"_blank\" rel=\"noopener\">Weltkindertag: Verb\u00e4nde fordern Verbesserung bei Grundsicherung<\/a><\/p>\n","protected":false},"excerpt":{"rendered":"<p>Hannover (epd). Anl\u00e4sslich des Weltkindertages am Mittwoch (20. September) haben Vertreter von Verb\u00e4nden insbesondere eine Nachbesserung der Kindergrundsicherung gefordert. Diese m\u00fcsste ausk\u00f6mmlich finanziert werden, sagte der Vorstandssprecher der Diakonie in Niedersachsen, Hans-Joachim Lenke, dem Evangelischen Pressedienst (epd). Auch die Vorsitzende des nieders\u00e4chsischen Kinderschutzbundes, Daniela Rump, forderte eine Nachbesserung des Gesetzes. &nbsp; Die eingeplanten j\u00e4hrlichen Mehrausgaben von 2,4 Milliarden Euro ab 2025 reichten nicht aus, kritisierte Rump. \u00abDer lange Streit um die Kindergrundsicherung ist traurig und das Ergebnis entt\u00e4uschend.\u00bb Kinderarmut sei ein wichtiges und besch\u00e4mendes Thema, vor dem die Gesellschaft nicht die Augen verschlie\u00dfen d\u00fcrfe. &nbsp; Die Mittel f\u00fcr Kinder und&#8230;<\/p>\n","protected":false},"author":7,"featured_media":0,"comment_status":"false","ping_status":"open","sticky":false,"template":"","format":"standard","meta":{"footnotes":""},"categories":[43],"tags":[44],"class_list":["post-25130","post","type-post","status-publish","format-standard","hentry","category-kirche-oldenburg","tag-kirche-oldenburg"],"_links":{"self":[{"href":"https:\/\/christusnews.de\/site\/wp-json\/wp\/v2\/posts\/25130","targetHints":{"allow":["GET"]}}],"collection":[{"href":"https:\/\/christusnews.de\/site\/wp-json\/wp\/v2\/posts"}],"about":[{"href":"https:\/\/christusnews.de\/site\/wp-json\/wp\/v2\/types\/post"}],"author":[{"embeddable":true,"href":"https:\/\/christusnews.de\/site\/wp-json\/wp\/v2\/users\/7"}],"replies":[{"embeddable":true,"href":"https:\/\/christusnews.de\/site\/wp-json\/wp\/v2\/comments?post=25130"}],"version-history":[{"count":1,"href":"https:\/\/christusnews.de\/site\/wp-json\/wp\/v2\/posts\/25130\/revisions"}],"predecessor-version":[{"id":25131,"href":"https:\/\/christusnews.de\/site\/wp-json\/wp\/v2\/posts\/25130\/revisions\/25131"}],"wp:attachment":[{"href":"https:\/\/christusnews.de\/site\/wp-json\/wp\/v2\/media?parent=25130"}],"wp:term":[{"taxonomy":"category","embeddable":true,"href":"https:\/\/christusnews.de\/site\/wp-json\/wp\/v2\/categories?post=25130"},{"taxonomy":"post_tag","embeddable":true,"href":"https:\/\/christusnews.de\/site\/wp-json\/wp\/v2\/tags?post=25130"}],"curies":[{"name":"wp","href":"https:\/\/api.w.org\/{rel}","templated":true}]}}