{"id":25132,"date":"2023-09-16T12:48:00","date_gmt":"2023-09-16T10:48:00","guid":{"rendered":"https:\/\/christusnews.de\/site\/initiative-warnt-vor-rechtsextremen-kandidaten-fuer-kirchenvorstaende\/"},"modified":"2023-09-18T23:18:09","modified_gmt":"2023-09-18T21:18:09","slug":"initiative-warnt-vor-rechtsextremen-kandidaten-fuer-kirchenvorstaende","status":"publish","type":"post","link":"https:\/\/christusnews.de\/site\/initiative-warnt-vor-rechtsextremen-kandidaten-fuer-kirchenvorstaende\/","title":{"rendered":"Initiative warnt vor rechtsextremen Kandidaten f\u00fcr Kirchenvorst\u00e4nde"},"content":{"rendered":"<p class=\"MsoPlainText\">Hannover (epd). Die nieders\u00e4chsische Initiative \u00abKirche f\u00fcr Demokratie &#8211; gegen Rechtsextremismus\u00bb warnt davor, dass bei den anstehenden Kirchenvorstandswahlen in Niedersachsen Kandidatinnen und Kandidaten mit rechtsextremer Gesinnung in Leitungsgremien einziehen k\u00f6nnten. Rechtes Gedankengut sei einer neueren Studie zufolge in der evangelischen Kirche ebenso verbreitet wie in der Gesamtgesellschaft, erkl\u00e4rte am Samstag der Vorsitzende der Initiative, der evangelische Ruhestands-Pastor Wilfried Manneke und bekr\u00e4ftigte: \u00abRassismus hat keinen Platz im Kirchenvorstand.\u00bb<\/p>\n<p class=\"MsoPlainText\">&nbsp;<\/p>\n<p class=\"MsoPlainText\">In Niedersachsen werden im M\u00e4rz des kommenden Jahres die ehrenamtlichen Kirchenvorst\u00e4nde oder Gemeindekirchenr\u00e4te neu gew\u00e4hlt. F\u00fcr die Kandidatinnen oder Kandidaten gebe es keine qualifikationsgebundenen Voraussetzungen, die sie zwingend erf\u00fcllen m\u00fcssen, erkl\u00e4rte Manneke. Gewisse Einstellungen sollten Kandidatinnen und Kandidaten dennoch mitbringen. So sollten Christinnen und Christen eine deutliche Haltung gegen Rechtsextremismus einnehmen.<\/p>\n<p class=\"MsoPlainText\">&nbsp;<\/p>\n<p class=\"MsoPlainText\">Grenzen zwischen Menschen verschiedener Herkunft zu \u00fcberwinden, sei seit den ersten Anf\u00e4ngen ein Kennzeichen christlichen Glaubens und christlicher Kirche, hie\u00df es. Daher stelle sich die Kirche unter dem Motto \u00abN\u00e4chstenliebe verlangt Klarheit\u00bb rechtspopulistischen, rechtsextremen, rassistischen, minderheitenfeindlichen und v\u00f6lkisch-nationalistischen Einstellungen entgegen.<\/p>\n<p class=\"MsoPlainText\">&nbsp;<\/p>\n<p class=\"MsoPlainText\">Besonders die F\u00f6rderung von Vielfalt und Toleranz ist nach Ansicht der Initiative von gro\u00dfer Bedeutung. Das gelte speziell in einer Zeit, \u00abin der unsere Gesellschaft immer vielf\u00e4ltiger wird und Menschen unterschiedlicher Hintergr\u00fcnde, Kulturen, \u00dcberzeugungen und Lebensweisen in denselben Gemeinden zusammenkommen\u00bb.<\/p>\n<p class=\"MsoPlainText\">&nbsp;<\/p>\n<p class=\"MsoPlainText\">Bis zum 10. Oktober k\u00f6nnen sich Kandidatinnen und Kandidaten bewerben und vorgeschlagen werden. Der hannoversche Landesbischof Ralf Meister sagte k\u00fcrzlich dem Evangelischen Pressedienst (epd), die Kirche habe Vertreter aller demokratisch wirkenden Parteien in den Kirchenvorst\u00e4nden. \u00abMenschen allerdings, die sich rassistisch oder antisemitisch \u00e4u\u00dfern, schlie\u00dfen wir aus. Und diesen Unvereinbarkeitsbeschluss werden wir bei den kommenden Kirchenvorstandswahlen nochmals erneuern.\u00bb<\/p>\n<p>Kirche-Oldenburg<br \/>\n<a href=\"https:\/\/www.kirche-oldenburg.de\/\/aktuell\/news-niedersachsen\/artikel\/initiative-warnt-vor-rechtsextremen-kandidaten-fuer-kirchenvorstaende\" target=\"_blank\" rel=\"noopener\">Initiative warnt vor rechtsextremen Kandidaten f\u00fcr Kirchenvorst\u00e4nde<\/a><\/p>\n","protected":false},"excerpt":{"rendered":"<p>Hannover (epd). Die nieders\u00e4chsische Initiative \u00abKirche f\u00fcr Demokratie &#8211; gegen Rechtsextremismus\u00bb warnt davor, dass bei den anstehenden Kirchenvorstandswahlen in Niedersachsen Kandidatinnen und Kandidaten mit rechtsextremer Gesinnung in Leitungsgremien einziehen k\u00f6nnten. Rechtes Gedankengut sei einer neueren Studie zufolge in der evangelischen Kirche ebenso verbreitet wie in der Gesamtgesellschaft, erkl\u00e4rte am Samstag der Vorsitzende der Initiative, der evangelische Ruhestands-Pastor Wilfried Manneke und bekr\u00e4ftigte: \u00abRassismus hat keinen Platz im Kirchenvorstand.\u00bb &nbsp; In Niedersachsen werden im M\u00e4rz des kommenden Jahres die ehrenamtlichen Kirchenvorst\u00e4nde oder Gemeindekirchenr\u00e4te neu gew\u00e4hlt. F\u00fcr die Kandidatinnen oder Kandidaten gebe es keine qualifikationsgebundenen Voraussetzungen, die sie zwingend erf\u00fcllen m\u00fcssen, erkl\u00e4rte Manneke&#8230;.<\/p>\n","protected":false},"author":7,"featured_media":0,"comment_status":"false","ping_status":"open","sticky":false,"template":"","format":"standard","meta":{"footnotes":""},"categories":[43],"tags":[44],"class_list":["post-25132","post","type-post","status-publish","format-standard","hentry","category-kirche-oldenburg","tag-kirche-oldenburg"],"_links":{"self":[{"href":"https:\/\/christusnews.de\/site\/wp-json\/wp\/v2\/posts\/25132","targetHints":{"allow":["GET"]}}],"collection":[{"href":"https:\/\/christusnews.de\/site\/wp-json\/wp\/v2\/posts"}],"about":[{"href":"https:\/\/christusnews.de\/site\/wp-json\/wp\/v2\/types\/post"}],"author":[{"embeddable":true,"href":"https:\/\/christusnews.de\/site\/wp-json\/wp\/v2\/users\/7"}],"replies":[{"embeddable":true,"href":"https:\/\/christusnews.de\/site\/wp-json\/wp\/v2\/comments?post=25132"}],"version-history":[{"count":1,"href":"https:\/\/christusnews.de\/site\/wp-json\/wp\/v2\/posts\/25132\/revisions"}],"predecessor-version":[{"id":25133,"href":"https:\/\/christusnews.de\/site\/wp-json\/wp\/v2\/posts\/25132\/revisions\/25133"}],"wp:attachment":[{"href":"https:\/\/christusnews.de\/site\/wp-json\/wp\/v2\/media?parent=25132"}],"wp:term":[{"taxonomy":"category","embeddable":true,"href":"https:\/\/christusnews.de\/site\/wp-json\/wp\/v2\/categories?post=25132"},{"taxonomy":"post_tag","embeddable":true,"href":"https:\/\/christusnews.de\/site\/wp-json\/wp\/v2\/tags?post=25132"}],"curies":[{"name":"wp","href":"https:\/\/api.w.org\/{rel}","templated":true}]}}