{"id":25136,"date":"2023-09-15T12:45:00","date_gmt":"2023-09-15T10:45:00","guid":{"rendered":"https:\/\/christusnews.de\/site\/unsere-welt-brennt-tausende-demonstrieren-fuer-mehr-klimaschutz-bewegung-fridays-for-future-verlangt-sozial-gerechte-verkehrswende\/"},"modified":"2023-09-18T23:18:10","modified_gmt":"2023-09-18T21:18:10","slug":"unsere-welt-brennt-tausende-demonstrieren-fuer-mehr-klimaschutz-bewegung-fridays-for-future-verlangt-sozial-gerechte-verkehrswende","status":"publish","type":"post","link":"https:\/\/christusnews.de\/site\/unsere-welt-brennt-tausende-demonstrieren-fuer-mehr-klimaschutz-bewegung-fridays-for-future-verlangt-sozial-gerechte-verkehrswende\/","title":{"rendered":"\u00abUnsere Welt brennt\u00bb: Tausende demonstrieren f\u00fcr mehr Klimaschutz &#8211; Bewegung \u00abFridays for Future\u00bb verlangt sozial gerechte Verkehrswende"},"content":{"rendered":"<p class=\"MsoPlainText\">Hannover\/Bremen (epd). Mehrere Tausend \u00fcberwiegend junge Klimasch\u00fctzer haben am Freitag in Niedersachsen und Bremen f\u00fcr ein Ende fossiler Brennstoffe und eine sozial gerechte Verkehrswende demonstriert. In Hannover zogen dabei nach Polizeiangaben rund 3.300 Menschen durch die Stra\u00dfen. In Bremen waren es 2.000. Dabei suchten die Organisatoren der Bewegung \u00abFridays for Future\u00bb den Schulterschluss mit Gruppen etwa aus Gewerkschaften, Nahverkehrsunternehmen, Umweltinitiativen und Kirchen. Die Aktionen waren Teil eines globalen Klimastreiks unter dem Motto \u00ab#EndFossilFuels\u00bb, zu dem \u00abFridays for Future\u00bb f\u00fcr diesen Tag aufgerufen hatte.<\/p>\n<p class=\"MsoPlainText\">&nbsp;<\/p>\n<p class=\"MsoPlainText\">In Hannover forderten die Demonstranten einen Ausbau des \u00f6ffentlichen Nahverkehrs und skandierten dabei den Slogan \u00abKlima sch\u00fctzen ist nicht schwer &#8211; \u00f6ffentlicher Nahverkehr\u00bb. Der Klimawandel sei nicht mehr zu ignorieren und mache den Menschen Angst, betonten Rednerinnen bei einer Kundgebung. \u00dcberflutungen und Br\u00e4nde zeigten, dass die Klimakrise \u00abam Eskalieren\u00bb sei. Doch immer noch zerst\u00f6rten Superreiche mit Yachten und Privatjets die Umwelt.<\/p>\n<p class=\"MsoPlainText\">&nbsp;<\/p>\n<p class=\"MsoPlainText\">Obwohl zum Gegensteuern nicht mehr viel Zeit bleibe, setze die Ampel-Koalition auf ein \u00abfossiles Weiter-so\u00bb, und der Bundesverkehrsminister befeuere weiter den \u00abAutowahn\u00bb, kritisierten die Jugendlichen. Viele Teilnehmende zeigten Plakate mit Slogans wie \u00abRadeln statt Rasen\u00bb oder \u00abB\u00e4ume statt Autos\u00bb.<\/p>\n<p class=\"MsoPlainText\">&nbsp;<\/p>\n<p class=\"MsoPlainText\">In Bremen liefen die Demonstranten mit Plakaten und Bannern wie \u00abUnsere Welt brennt\u00bb, \u00abKlimaschutz statt R\u00fcstung\u00bb und \u00abAutokapitalismus umschubsen\u00bb durch die Stra\u00dfen. Zu den Forderungen der Klimasch\u00fctzer geh\u00f6rten bei einer Abschlusskundgebung auf dem Marktplatz der Hansestadt unter anderem die Versch\u00e4rfung des Klimaschutzgesetzes und ein Klimageld. Zeitweise blockierten Aktivisten die zentrale Wilhelm-Kaisen-Br\u00fccke nahe der Innenstadt.<\/p>\n<p class=\"MsoPlainText\">&nbsp;<\/p>\n<p class=\"MsoPlainText\">In Braunschweig kamen nach Polizeiangaben rund 900 Demonstrierende zusammen. In Oldenburg meldete die Polizei rund 570 Teilnehmende. In Osnabr\u00fcck und Bremerhaven protestierten jeweils etwa 250 Menschen. Insgesamt waren in beiden Bundesl\u00e4ndern Demonstrationen in 32 St\u00e4dten geplant. Bundesweit sollten in 245 St\u00e4dten Proteste stattfinden.<\/p>\n<p class=\"MsoPlainText\">&nbsp;<\/p>\n<p class=\"MsoPlainText\">Leitende evangelische Kirchenvertreter wie der hannoversche Landesbischof Ralf Meister unterst\u00fctzten die Forderungen der Klimasch\u00fctzer. In einer Videobotschaft aus dem polnischen Krakau von der Vollversammlung des Lutherischen Weltbundes sagte Meister, es sei ein \u00fcberlebenswichtiges Zeichen, dass jetzt wieder so viele junge Menschen beim Klimastreik auf die Stra\u00dfe gingen. Ohne Gerechtigkeit in Klimafragen und den massiven politischen Einsatz werde es nicht gehen.<\/p>\n<p>Kirche-Oldenburg<br \/>\n<a href=\"https:\/\/www.kirche-oldenburg.de\/\/aktuell\/news-niedersachsen\/artikel\/unsere-welt-brennt-tausende-demonstrieren-fuer-mehr-klimaschutz-bewegung-fridays-for-future-verlangt-sozial-gerechte-verkehrswende\" target=\"_blank\" rel=\"noopener\">\u00abUnsere Welt brennt\u00bb: Tausende demonstrieren f\u00fcr mehr Klimaschutz &#8211; Bewegung \u00abFridays for Future\u00bb verlangt sozial gerechte Verkehrswende<\/a><\/p>\n","protected":false},"excerpt":{"rendered":"<p>Hannover\/Bremen (epd). Mehrere Tausend \u00fcberwiegend junge Klimasch\u00fctzer haben am Freitag in Niedersachsen und Bremen f\u00fcr ein Ende fossiler Brennstoffe und eine sozial gerechte Verkehrswende demonstriert. In Hannover zogen dabei nach Polizeiangaben rund 3.300 Menschen durch die Stra\u00dfen. In Bremen waren es 2.000. Dabei suchten die Organisatoren der Bewegung \u00abFridays for Future\u00bb den Schulterschluss mit Gruppen etwa aus Gewerkschaften, Nahverkehrsunternehmen, Umweltinitiativen und Kirchen. Die Aktionen waren Teil eines globalen Klimastreiks unter dem Motto \u00ab#EndFossilFuels\u00bb, zu dem \u00abFridays for Future\u00bb f\u00fcr diesen Tag aufgerufen hatte. &nbsp; In Hannover forderten die Demonstranten einen Ausbau des \u00f6ffentlichen Nahverkehrs und skandierten dabei den Slogan \u00abKlima&#8230;<\/p>\n","protected":false},"author":7,"featured_media":0,"comment_status":"false","ping_status":"open","sticky":false,"template":"","format":"standard","meta":{"footnotes":""},"categories":[43],"tags":[44],"class_list":["post-25136","post","type-post","status-publish","format-standard","hentry","category-kirche-oldenburg","tag-kirche-oldenburg"],"_links":{"self":[{"href":"https:\/\/christusnews.de\/site\/wp-json\/wp\/v2\/posts\/25136","targetHints":{"allow":["GET"]}}],"collection":[{"href":"https:\/\/christusnews.de\/site\/wp-json\/wp\/v2\/posts"}],"about":[{"href":"https:\/\/christusnews.de\/site\/wp-json\/wp\/v2\/types\/post"}],"author":[{"embeddable":true,"href":"https:\/\/christusnews.de\/site\/wp-json\/wp\/v2\/users\/7"}],"replies":[{"embeddable":true,"href":"https:\/\/christusnews.de\/site\/wp-json\/wp\/v2\/comments?post=25136"}],"version-history":[{"count":1,"href":"https:\/\/christusnews.de\/site\/wp-json\/wp\/v2\/posts\/25136\/revisions"}],"predecessor-version":[{"id":25137,"href":"https:\/\/christusnews.de\/site\/wp-json\/wp\/v2\/posts\/25136\/revisions\/25137"}],"wp:attachment":[{"href":"https:\/\/christusnews.de\/site\/wp-json\/wp\/v2\/media?parent=25136"}],"wp:term":[{"taxonomy":"category","embeddable":true,"href":"https:\/\/christusnews.de\/site\/wp-json\/wp\/v2\/categories?post=25136"},{"taxonomy":"post_tag","embeddable":true,"href":"https:\/\/christusnews.de\/site\/wp-json\/wp\/v2\/tags?post=25136"}],"curies":[{"name":"wp","href":"https:\/\/api.w.org\/{rel}","templated":true}]}}