{"id":25138,"date":"2023-09-18T14:59:01","date_gmt":"2023-09-18T12:59:01","guid":{"rendered":"https:\/\/christusnews.de\/site\/die-kinder-stehen-in-den-startloechern-am-samstag-ernten-wir-auf-der-streuobstwiese-und-im-pfarrgarten-die-reifen-aepfel-aber-da-die-apfelernte-diesmal-insgesamt-knapper-ausfaellt-freuen-wir-uns-u\/"},"modified":"2023-09-18T23:18:12","modified_gmt":"2023-09-18T21:18:12","slug":"die-kinder-stehen-in-den-startloechern-am-samstag-ernten-wir-auf-der-streuobstwiese-und-im-pfarrgarten-die-reifen-aepfel-aber-da-die-apfelernte-diesmal-insgesamt-knapper-ausfaellt-freuen-wir-uns-u","status":"publish","type":"post","link":"https:\/\/christusnews.de\/site\/die-kinder-stehen-in-den-startloechern-am-samstag-ernten-wir-auf-der-streuobstwiese-und-im-pfarrgarten-die-reifen-aepfel-aber-da-die-apfelernte-diesmal-insgesamt-knapper-ausfaellt-freuen-wir-uns-u\/","title":{"rendered":"Die Kinder stehen in den Startl\u00f6chern: \nAm Samstag ernten wir auf der Streuobstwiese und im Pfarrgarten die reifen \u00c4pfel. Aber da die Apfelernte diesmal insgesamt knapper ausf\u00e4llt, freuen wir uns \u00fcber weitere G\u00e4rten in Heppens (Laufdistanz zur Kirche), in denen wir am Samstag ernten d\u00fcrfen. Infos gern an Meike von Fintel, meike.von.fintel@kirche-am-meer.de oder 015228979833. \n\nAus allen \u00c4pfeln pressen die Kinder anschlie\u00dfend Saft und backen leckere Apfel-Spezialit\u00e4ten. Wer Lust hat, kommt am Sonntag um 11 Uhr zum Apfelfest, feiert mit uns Gottesdienst und probiert die Leckereien."},"content":{"rendered":"<p>Die Kinder stehen in den Startl\u00f6chern:<br \/>\nAm Samstag ernten wir auf der Streuobstwiese und im Pfarrgarten die reifen \u00c4pfel. Aber da die Apfelernte diesmal insgesamt knapper ausf\u00e4llt, freuen wir uns \u00fcber weitere G\u00e4rten in Heppens (Laufdistanz zur Kirche), in denen wir am Samstag ernten d\u00fcrfen. Infos gern an Meike von Fintel, meike.von.fintel@kirche-am-meer.de oder 015228979833. <\/p>\n<p>Aus allen \u00c4pfeln pressen die Kinder anschlie\u00dfend Saft und backen leckere Apfel-Spezialit\u00e4ten. Wer Lust hat, kommt am Sonntag um 11 Uhr zum Apfelfest, feiert mit uns Gottesdienst und probiert die Leckereien.<br \/>\nHAVENKIRCHE@FB<br \/>\n<a href=\"https:\/\/www.facebook.com\/396185572708352\/posts\/620580340268873\" target=\"_blank\" rel=\"noopener\">Die Kinder stehen in den Startl\u00f6chern:<br \/>\nAm Samstag ernten wir auf der Streuobstwiese und im Pfarrgarten die reifen \u00c4pfel. Aber da die Apfelernte diesmal insgesamt knapper ausf\u00e4llt, freuen wir uns \u00fcber weitere G\u00e4rten in Heppens (Laufdistanz zur Kirche), in denen wir am Samstag ernten d\u00fcrfen. Infos gern an Meike von Fintel, meike.von.fintel@kirche-am-meer.de oder 015228979833. <\/p>\n<p>Aus allen \u00c4pfeln pressen die Kinder anschlie\u00dfend Saft und backen leckere Apfel-Spezialit\u00e4ten. Wer Lust hat, kommt am Sonntag um 11 Uhr zum Apfelfest, feiert mit uns Gottesdienst und probiert die Leckereien.<\/a><\/p>\n","protected":false},"excerpt":{"rendered":"<p>Die Kinder stehen in den Startl\u00f6chern: Am Samstag ernten wir auf der Streuobstwiese und im Pfarrgarten die reifen \u00c4pfel. Aber da die Apfelernte diesmal insgesamt knapper ausf\u00e4llt, freuen wir uns \u00fcber weitere G\u00e4rten in Heppens (Laufdistanz zur Kirche), in denen wir am Samstag ernten d\u00fcrfen. Infos gern an Meike von Fintel, meike.von.fintel@kirche-am-meer.de oder 015228979833. Aus allen \u00c4pfeln pressen die Kinder anschlie\u00dfend Saft und backen leckere Apfel-Spezialit\u00e4ten. Wer Lust hat, kommt am Sonntag um 11 Uhr zum Apfelfest, feiert mit uns Gottesdienst und probiert die Leckereien. HAVENKIRCHE@FB Die Kinder stehen in den Startl\u00f6chern: Am Samstag ernten wir auf der Streuobstwiese und&#8230;<\/p>\n","protected":false},"author":6,"featured_media":0,"comment_status":"false","ping_status":"open","sticky":false,"template":"","format":"standard","meta":{"footnotes":""},"categories":[75],"tags":[76],"class_list":["post-25138","post","type-post","status-publish","format-standard","hentry","category-havenkirche","tag-havenkirche"],"_links":{"self":[{"href":"https:\/\/christusnews.de\/site\/wp-json\/wp\/v2\/posts\/25138","targetHints":{"allow":["GET"]}}],"collection":[{"href":"https:\/\/christusnews.de\/site\/wp-json\/wp\/v2\/posts"}],"about":[{"href":"https:\/\/christusnews.de\/site\/wp-json\/wp\/v2\/types\/post"}],"author":[{"embeddable":true,"href":"https:\/\/christusnews.de\/site\/wp-json\/wp\/v2\/users\/6"}],"replies":[{"embeddable":true,"href":"https:\/\/christusnews.de\/site\/wp-json\/wp\/v2\/comments?post=25138"}],"version-history":[{"count":1,"href":"https:\/\/christusnews.de\/site\/wp-json\/wp\/v2\/posts\/25138\/revisions"}],"predecessor-version":[{"id":25139,"href":"https:\/\/christusnews.de\/site\/wp-json\/wp\/v2\/posts\/25138\/revisions\/25139"}],"wp:attachment":[{"href":"https:\/\/christusnews.de\/site\/wp-json\/wp\/v2\/media?parent=25138"}],"wp:term":[{"taxonomy":"category","embeddable":true,"href":"https:\/\/christusnews.de\/site\/wp-json\/wp\/v2\/categories?post=25138"},{"taxonomy":"post_tag","embeddable":true,"href":"https:\/\/christusnews.de\/site\/wp-json\/wp\/v2\/tags?post=25138"}],"curies":[{"name":"wp","href":"https:\/\/api.w.org\/{rel}","templated":true}]}}