{"id":25143,"date":"2023-09-18T08:37:00","date_gmt":"2023-09-18T06:37:00","guid":{"rendered":"https:\/\/christusnews.de\/site\/eine-oase-in-der-wueste-der-angst-tageshospize-unterstuetzen-schwerstkranke-und-entlasten-angehoerige\/"},"modified":"2023-09-19T11:17:27","modified_gmt":"2023-09-19T09:17:27","slug":"eine-oase-in-der-wueste-der-angst-tageshospize-unterstuetzen-schwerstkranke-und-entlasten-angehoerige","status":"publish","type":"post","link":"https:\/\/christusnews.de\/site\/eine-oase-in-der-wueste-der-angst-tageshospize-unterstuetzen-schwerstkranke-und-entlasten-angehoerige\/","title":{"rendered":"Eine Oase in der W\u00fcste der Angst &#8211; Tageshospize unterst\u00fctzen Schwerstkranke und entlasten Angeh\u00f6rige"},"content":{"rendered":"<p class=\"MsoPlainText\">Bremerv\u00f6rde (epd). In der Fr\u00fchst\u00fccksrunde schwingt das Gespr\u00e4ch hin und her. Mal geht es um Kreuzfahrten und Seekrankheit, mal um den Besuch beim Zahnarzt, mal ums Obstmosten und die teuren Eintrittspreise im Freizeitpark. \u00abWer m\u00f6chte noch einen Kaffee?\u00bb, fragt zwischendurch Volker Meinel. Es sind Themen, die bei jedem Fr\u00fchst\u00fcck angesprochen werden k\u00f6nnten. Nur die G\u00e4ste, die hier am Tisch zusammensitzen und zu denen auch der 63-j\u00e4hrige Meinel geh\u00f6rt, sind besondere.<\/p>\n<p class=\"MsoPlainText\">&nbsp;<\/p>\n<p class=\"MsoPlainText\">Alle, die an diesem Morgen in das kirchliche Tageshospiz Bremerv\u00f6rde in der Mitte zwischen Cuxhaven, Bremen und Hamburg gekommen sind, leiden an einer unheilbaren und fortschreitenden Krankheit, k\u00f6nnen und m\u00f6chten aber noch zu Hause leben. Meinel beispielsweise hatte im Fr\u00fchjahr vergangenen Jahres pl\u00f6tzlich Schmerzen. Der Check beim Arzt ergab die Diagnose Krebs in Leber und Darm. Meinel baute rapide ab: \u00abZuletzt wog ich noch 47 Kilo, fr\u00fcher waren es 80.\u00bb<\/p>\n<p class=\"MsoPlainText\">&nbsp;<\/p>\n<p class=\"MsoPlainText\">Auch die anderen G\u00e4ste am Tisch haben eine Krebsdiagnose. Mal haben sie \u00fcber ihre Arztpraxis, mal \u00fcber Mund-zu-Mund-Propaganda, mal \u00fcber einen ambulanten Palliativdienst von dem Tageshospiz geh\u00f6rt, das sie jetzt an ein oder mehreren Tagen in der Woche besuchen. Los geht es dann immer mit einem gemeinsamen Fr\u00fchst\u00fcck, am Nachmittag fahren alle wieder nach Hause.<\/p>\n<p class=\"MsoPlainText\">&nbsp;<\/p>\n<p class=\"MsoPlainText\">Zwischendurch erg\u00e4nzt das Tageshospiz die h\u00e4usliche Pflege mit Blick auf eine palliative Versorgung. Pflegekr\u00e4fte, Therapeuten und medizinisches Personal sind speziell geschult und k\u00f6nnen auch im Notfall sofort eingreifen, Ehrenamtliche unterst\u00fctzen zus\u00e4tzlich. \u00abWenn du hier einen Platz bekommst &#8211; etwas Besseres kann dir gar nicht passieren\u00bb, ist Volker Meinel \u00fcberzeugt.<\/p>\n<p class=\"MsoPlainText\">&nbsp;<\/p>\n<p class=\"MsoPlainText\">Dabei geht es f\u00fcr ihn und die anderen G\u00e4ste nicht nur um die pflegerisch-medizinische Seite. Denn am Tisch wird nicht nur gefr\u00fchst\u00fcckt und geredet, oft spielen die G\u00e4ste miteinander, kochen zusammen, backen Brot, mosten Obst. Spazierg\u00e4nge sind m\u00f6glich, auch der R\u00fcckzug in ein eigenes Zimmer, je nach Lust und Kraft.<\/p>\n<p class=\"MsoPlainText\">&nbsp;<\/p>\n<p class=\"MsoPlainText\">\u00abDas kann ganz unterschiedlich sein\u00bb, beschreibt es Volker Meinel.&nbsp;\u00abMorgens f\u00fchlst du dich noch gut, mittags richtig schlecht. Aber hier wei\u00df jeder vom anderen, was er hat und wie es ihm geht &#8211; und kann entsprechend reagieren. Da wachsen dir Antennen. Und au\u00dferdem: Schwer krank zu sein hei\u00dft ja nicht, dass es mir jeden Tag schlecht geht.\u00bb<\/p>\n<p class=\"MsoPlainText\">&nbsp;<\/p>\n<p class=\"MsoPlainText\">Auch und vor allem geht es darum, Leben zu gestalten, Leben bis zuletzt. Denn neben einer guten Versorgung brauchen Menschen in einer palliativen Situation nach den Erfahrungen von Experten vor allem Zuwendung und Zeit, eine Oase in der W\u00fcste der Angst. Auch Renate Rosek betont in dieser Lage die Kraft der Gemeinschaft. \u00abDas ist wie eine Selbsthilfegruppe, wie eine Familie.\u00bb<\/p>\n<p class=\"MsoPlainText\">&nbsp;<\/p>\n<p class=\"MsoPlainText\">Die 74-J\u00e4hrige ist verwitwet und zu Hause allein. Ihr K\u00f6rper war durch den Krebs \u00abruntergewirtschaftet\u00bb, wie sie sagt. \u00abZuerst habe ich mir gedacht, du kannst doch nicht t\u00e4glich mit todkranken Menschen zusammen sein. Aber dann habe ich es einfach probiert, erstmal zwei Tage.\u00bb Jetzt kommt sie montags bis freitags und sagt: \u00abIch bin hier richtig aufgep\u00e4ppelt worden, hier werde ich aufgefangen. Und wir lachen auch viel.\u00bb<\/p>\n<p class=\"MsoPlainText\">&nbsp;<\/p>\n<p class=\"MsoPlainText\">In Gro\u00dfbritannien, Irland und den USA bilden Tageshospize nach einer Studie der Medizinischen Hochschule Hannover neben vollstation\u00e4ren und ambulanten Angeboten seit vielen Jahrzehnten einen wichtigen Versorgungspfeiler f\u00fcr Menschen mit einer unheilbaren Erkrankung. So nahm bereits 1975 im britischen Sheffield das erste Hospiz die Tagesversorgung auf. Mitte der 1990er Jahre verzeichnete Gro\u00dfbritannien mehr als 200 teilstation\u00e4re, hospizlich-palliative Angebote.<\/p>\n<p class=\"MsoPlainText\">&nbsp;<\/p>\n<p class=\"MsoPlainText\">Das erste deutsche Tageshospiz wurde 1993 in Halle (Saale) er\u00f6ffnet. Und noch immer geh\u00f6rt Bremerv\u00f6rde, 2021 eingeweiht, zu den wenigen Einrichtungen dieser Art, die der Deutsche Palliativ- und Hospizverband auf seiner Website listet: Bundesweit sind es 15, weitere sechs sind im Bau oder geplant.<\/p>\n<p class=\"MsoPlainText\">&nbsp;<\/p>\n<p class=\"MsoPlainText\">\u00abDer Bedarf ist gro\u00df, wir brauchen mehr\u00bb, meint Benno Bolze, Gesch\u00e4ftsf\u00fchrer des Verbandes mit Sitz in Berlin. \u00abAuch, weil ein Tageshospiz die h\u00e4usliche Versorgung stabilisiert und pflegende Angeh\u00f6rige entlastet.\u00bb Damit es mehr Einrichtungen werden, m\u00fcsse die Finanzierung auf eine verl\u00e4ssliche Grundlage gestellt werden.<\/p>\n<p class=\"MsoPlainText\">&nbsp;<\/p>\n<p class=\"MsoPlainText\">Die entlastende Funktion erf\u00e4hrt die Ehefrau von Volker Meinel am eigenen Leib. Als es ihrem Mann so schlecht gegangen sei, habe er kaum etwas essen k\u00f6nnen. Er habe es keine 20 Schritte zur Toilette geschafft. \u00abIch hatte Angst, dass er verhungert\u00bb, blickt Renate Meinel zur\u00fcck. Die Last der Verantwortung hat die Frau, die selbst ganztags berufst\u00e4tig ist, \u00abfast erdr\u00fcckt\u00bb. Der Platz im Hospiz sei da \u00abwie ein Sechser im Lotto gewesen\u00bb. Der Austausch mit anderen G\u00e4sten habe ihrem Mann gutgetan. \u00abDavon profitieren wir auch als Paar.\u00bb<\/p>\n<p class=\"MsoPlainText\">&nbsp;<\/p>\n<p class=\"MsoPlainText\">Mittlerweile hat Volker Meinel wieder zugelegt, durch hochkalorische Ern\u00e4hrung, die richtige Medikation und nicht zuletzt die Fr\u00fchst\u00fccks- und Mittagsrunden. Renate Rosek geht es genauso: \u00abIn der Gemeinschaft zu essen, das ist doch was ganz anderes.\u00bb<\/p>\n<p class=\"MsoPlainText\">&nbsp;<\/p>\n<p class=\"MsoPlainText\">Dazu kommt die Atmosph\u00e4re im Haus. \u00abIch komme jedes Mal mit einem guten Gef\u00fchl her und geh am Nachmittag mit einem guten Gef\u00fchl nach Hause\u00bb, sagt Ida Martens, mit 91 Jahren die \u00c4lteste in der Runde. \u00abDie ganze Liebe, die die Betreuung hier ausstrahlt\u00bb, betont sie und&nbsp;erg\u00e4nzt: \u00abDas hier ist mein Zuhause.\u00bb<\/p>\n<p>Kirche-Oldenburg<br \/>\n<a href=\"https:\/\/www.kirche-oldenburg.de\/\/aktuell\/news-niedersachsen\/artikel\/eine-oase-in-der-wueste-der-angst-tageshospize-unterstuetzen-schwerstkranke-und-entlasten-angehoerige\" target=\"_blank\" rel=\"noopener\">Eine Oase in der W\u00fcste der Angst &#8211; Tageshospize unterst\u00fctzen Schwerstkranke und entlasten Angeh\u00f6rige<\/a><\/p>\n","protected":false},"excerpt":{"rendered":"<p>Bremerv\u00f6rde (epd). In der Fr\u00fchst\u00fccksrunde schwingt das Gespr\u00e4ch hin und her. Mal geht es um Kreuzfahrten und Seekrankheit, mal um den Besuch beim Zahnarzt, mal ums Obstmosten und die teuren Eintrittspreise im Freizeitpark. \u00abWer m\u00f6chte noch einen Kaffee?\u00bb, fragt zwischendurch Volker Meinel. Es sind Themen, die bei jedem Fr\u00fchst\u00fcck angesprochen werden k\u00f6nnten. Nur die G\u00e4ste, die hier am Tisch zusammensitzen und zu denen auch der 63-j\u00e4hrige Meinel geh\u00f6rt, sind besondere. &nbsp; Alle, die an diesem Morgen in das kirchliche Tageshospiz Bremerv\u00f6rde in der Mitte zwischen Cuxhaven, Bremen und Hamburg gekommen sind, leiden an einer unheilbaren und fortschreitenden Krankheit, k\u00f6nnen und&#8230;<\/p>\n","protected":false},"author":7,"featured_media":0,"comment_status":"false","ping_status":"open","sticky":false,"template":"","format":"standard","meta":{"footnotes":""},"categories":[43],"tags":[44],"class_list":["post-25143","post","type-post","status-publish","format-standard","hentry","category-kirche-oldenburg","tag-kirche-oldenburg"],"_links":{"self":[{"href":"https:\/\/christusnews.de\/site\/wp-json\/wp\/v2\/posts\/25143","targetHints":{"allow":["GET"]}}],"collection":[{"href":"https:\/\/christusnews.de\/site\/wp-json\/wp\/v2\/posts"}],"about":[{"href":"https:\/\/christusnews.de\/site\/wp-json\/wp\/v2\/types\/post"}],"author":[{"embeddable":true,"href":"https:\/\/christusnews.de\/site\/wp-json\/wp\/v2\/users\/7"}],"replies":[{"embeddable":true,"href":"https:\/\/christusnews.de\/site\/wp-json\/wp\/v2\/comments?post=25143"}],"version-history":[{"count":1,"href":"https:\/\/christusnews.de\/site\/wp-json\/wp\/v2\/posts\/25143\/revisions"}],"predecessor-version":[{"id":25144,"href":"https:\/\/christusnews.de\/site\/wp-json\/wp\/v2\/posts\/25143\/revisions\/25144"}],"wp:attachment":[{"href":"https:\/\/christusnews.de\/site\/wp-json\/wp\/v2\/media?parent=25143"}],"wp:term":[{"taxonomy":"category","embeddable":true,"href":"https:\/\/christusnews.de\/site\/wp-json\/wp\/v2\/categories?post=25143"},{"taxonomy":"post_tag","embeddable":true,"href":"https:\/\/christusnews.de\/site\/wp-json\/wp\/v2\/tags?post=25143"}],"curies":[{"name":"wp","href":"https:\/\/api.w.org\/{rel}","templated":true}]}}