{"id":25149,"date":"2023-09-19T09:18:00","date_gmt":"2023-09-19T07:18:00","guid":{"rendered":"https:\/\/christusnews.de\/site\/weltkindertag-niedersachsen-will-mitwirkung-von-kindern-staerken\/"},"modified":"2023-09-20T11:17:44","modified_gmt":"2023-09-20T09:17:44","slug":"weltkindertag-niedersachsen-will-mitwirkung-von-kindern-staerken","status":"publish","type":"post","link":"https:\/\/christusnews.de\/site\/weltkindertag-niedersachsen-will-mitwirkung-von-kindern-staerken\/","title":{"rendered":"Weltkindertag: Niedersachsen will Mitwirkung von Kindern st\u00e4rken"},"content":{"rendered":"<p class=\"MsoPlainText\">Hannover (epd). Mit Blick auf den Weltkindertag am Mittwoch (20. September) hat Niedersachsens Sozialminister Andreas Philippi (SPD) auf den Fonds \u00abKinder st\u00e4rken\u00bb aufmerksam gemacht. Das Land und das Deutsche Kinderhilfswerk f\u00f6rdern damit im laufenden Jahr mit insgesamt 40.000 Euro Projekte, die altersgem\u00e4\u00dfe Mitwirkung von M\u00e4dchen und Jungen sicherstellen, wie das Sozialministerium am Dienstag in Hannover mitteilte.<\/p>\n<p class=\"MsoPlainText\">&nbsp;<\/p>\n<p class=\"MsoPlainText\">Noch seien Bewerbungen m\u00f6glich, sagte Philippi. Die Projekte m\u00fcssen bis Mitte Februar 2024 abgeschlossen werden. Die F\u00f6rderung betr\u00e4gt im Regelfall bis zu 5.000 Euro, im besonders begr\u00fcndeten Einzelfall bis zu 10.000 Euro. \u00abKinder wollen und sollen mitreden, wenn es um die Gestaltung ihres Lebensumfeldes geht\u00bb, betonte der Minister. Der Fonds richte sich deshalb besonders an Projekte, die junge Menschen einbeziehen.<\/p>\n<p class=\"MsoPlainText\">&nbsp;<\/p>\n<p class=\"MsoPlainText\">Ein weiterer Schwerpunkt sind den Angaben zufolge Projekte, die sich gezielt an Kinder und Jugendliche wenden, die von Armut betroffen sind. \u00abDamit Kinder morgen eine gute Zukunft haben, m\u00fcssen wir sie heute f\u00f6rdern und unterst\u00fctzen und sie bei Entscheidungsprozessen einbeziehen\u00bb, fordere Philippi. Dazu geh\u00f6re es auch, Kinder auf ihre Rechte aufmerksam zu machen. Niedersachsen schreibe deshalb den j\u00e4hrlich verliehenen KinderHabenRechte-Preis aus.<\/p>\n<p class=\"MsoPlainText\">&nbsp;<\/p>\n<p class=\"MsoPlainText\">Der Weltkindertag wurde 1954 durch die Vereinten Nationen ausgerufen und wird weltweit begangen. Dabei soll auf die Kinderrechte und auf die besonderen Bed\u00fcrfnisse von Kindern aufmerksam gemacht werden.<\/p>\n<p>Kirche-Oldenburg<br \/>\n<a href=\"https:\/\/www.kirche-oldenburg.de\/\/aktuell\/news-niedersachsen\/artikel\/weltkindertag-niedersachsen-will-mitwirkung-von-kindern-staerken\" target=\"_blank\" rel=\"noopener\">Weltkindertag: Niedersachsen will Mitwirkung von Kindern st\u00e4rken<\/a><\/p>\n","protected":false},"excerpt":{"rendered":"<p>Hannover (epd). Mit Blick auf den Weltkindertag am Mittwoch (20. September) hat Niedersachsens Sozialminister Andreas Philippi (SPD) auf den Fonds \u00abKinder st\u00e4rken\u00bb aufmerksam gemacht. Das Land und das Deutsche Kinderhilfswerk f\u00f6rdern damit im laufenden Jahr mit insgesamt 40.000 Euro Projekte, die altersgem\u00e4\u00dfe Mitwirkung von M\u00e4dchen und Jungen sicherstellen, wie das Sozialministerium am Dienstag in Hannover mitteilte. &nbsp; Noch seien Bewerbungen m\u00f6glich, sagte Philippi. Die Projekte m\u00fcssen bis Mitte Februar 2024 abgeschlossen werden. Die F\u00f6rderung betr\u00e4gt im Regelfall bis zu 5.000 Euro, im besonders begr\u00fcndeten Einzelfall bis zu 10.000 Euro. \u00abKinder wollen und sollen mitreden, wenn es um die Gestaltung ihres&#8230;<\/p>\n","protected":false},"author":7,"featured_media":0,"comment_status":"false","ping_status":"open","sticky":false,"template":"","format":"standard","meta":{"footnotes":""},"categories":[43],"tags":[44],"class_list":["post-25149","post","type-post","status-publish","format-standard","hentry","category-kirche-oldenburg","tag-kirche-oldenburg"],"_links":{"self":[{"href":"https:\/\/christusnews.de\/site\/wp-json\/wp\/v2\/posts\/25149","targetHints":{"allow":["GET"]}}],"collection":[{"href":"https:\/\/christusnews.de\/site\/wp-json\/wp\/v2\/posts"}],"about":[{"href":"https:\/\/christusnews.de\/site\/wp-json\/wp\/v2\/types\/post"}],"author":[{"embeddable":true,"href":"https:\/\/christusnews.de\/site\/wp-json\/wp\/v2\/users\/7"}],"replies":[{"embeddable":true,"href":"https:\/\/christusnews.de\/site\/wp-json\/wp\/v2\/comments?post=25149"}],"version-history":[{"count":1,"href":"https:\/\/christusnews.de\/site\/wp-json\/wp\/v2\/posts\/25149\/revisions"}],"predecessor-version":[{"id":25150,"href":"https:\/\/christusnews.de\/site\/wp-json\/wp\/v2\/posts\/25149\/revisions\/25150"}],"wp:attachment":[{"href":"https:\/\/christusnews.de\/site\/wp-json\/wp\/v2\/media?parent=25149"}],"wp:term":[{"taxonomy":"category","embeddable":true,"href":"https:\/\/christusnews.de\/site\/wp-json\/wp\/v2\/categories?post=25149"},{"taxonomy":"post_tag","embeddable":true,"href":"https:\/\/christusnews.de\/site\/wp-json\/wp\/v2\/tags?post=25149"}],"curies":[{"name":"wp","href":"https:\/\/api.w.org\/{rel}","templated":true}]}}