{"id":25173,"date":"2023-09-20T12:24:00","date_gmt":"2023-09-20T10:24:00","guid":{"rendered":"https:\/\/christusnews.de\/site\/kirchen-in-deutschland-verurteilen-gewalt-in-berg-karabach\/"},"modified":"2023-09-21T23:24:39","modified_gmt":"2023-09-21T21:24:39","slug":"kirchen-in-deutschland-verurteilen-gewalt-in-berg-karabach","status":"publish","type":"post","link":"https:\/\/christusnews.de\/site\/kirchen-in-deutschland-verurteilen-gewalt-in-berg-karabach\/","title":{"rendered":"Kirchen in Deutschland verurteilen Gewalt in Berg-Karabach"},"content":{"rendered":"<p class=\"MsoPlainText\">Bonn\/Hannover (epd). Die gro\u00dfen Kirchen in Deutschland haben ihre Sorge \u00fcber das erneute Aufflammen der Gewalt in der Region Berg-Karabach ge\u00e4u\u00dfert. In einer gemeinsamen Erkl\u00e4rung kritisieren sie das massive milit\u00e4rische Vorgehen der Regierung Aserbaidschans. Dieses gef\u00e4hrde die Existenz der mehrheitlich armenischen Bev\u00f6lkerung der autonomen Region, erkl\u00e4rten am Mittwoch die Evangelische Kirche in Deutschland (EKD), die katholische Deutsche Bischofskonferenz sowie die Arbeitsgemeinschaft Christlicher Kirchen (ACK).<\/p>\n<p class=\"MsoPlainText\">&nbsp;<\/p>\n<p class=\"MsoPlainText\">Es gebe erschreckende Berichte dar\u00fcber, wie vom Hunger geschw\u00e4chte Kinder unter dem Artilleriebeschuss nicht mehr rechtzeitig die Schutzr\u00e4ume erreicht haben, hie\u00df es weiter. Der Anfang der Woche begonnene Angriff aserbaidschanischer Truppen auf die autonome Kaukasus-Region Berg-Karabach drohe zu einer Katastrophe zu f\u00fchren.<\/p>\n<p class=\"MsoPlainText\">&nbsp;<\/p>\n<p class=\"MsoPlainText\">\u00abEs darf nicht geschehen, dass schwere Menschenrechtsverletzungen abseits der Aufmerksamkeit der Welt\u00f6ffentlichkeit geschehen\u00bb, sagte die EKD-Ratsvorsitzende und westf\u00e4lische Pr\u00e4ses Annette Kurschus: \u00abWir verurteilen die milit\u00e4rische Aggression ebenso wie den Einsatz von Hunger als Waffe.\u00bb<\/p>\n<p class=\"MsoPlainText\">&nbsp;<\/p>\n<p class=\"MsoPlainText\">Der Bischofskonferenz-Vorsitzende, der Limburger Bischof Georg B\u00e4tzing, erkl\u00e4rte: \u00abWir rufen die Bundesregierung und die Welt\u00f6ffentlichkeit auf, genau hinzuschauen und Aserbaidschan an die Pflicht zu einem humanen Umgang mit der Bev\u00f6lkerung zu erinnern.\u00bb Der Konflikt m\u00fcsse am Verhandlungstisch gel\u00f6st werden, statt Fakten durch Vertreibung der einheimischen Bev\u00f6lkerung zu schaffen.<\/p>\n<p class=\"MsoPlainText\">&nbsp;<\/p>\n<p class=\"MsoPlainText\">Die am 20. September vereinbarte Waffenruhe komme einer Kapitulation von Berg-Karabach gleich, erkl\u00e4rten die Kirchenvertreter. Sie f\u00fcrchten eine bevorstehende \u00abethnische S\u00e4uberung\u00bb des Gebiets durch die gewaltsame Vertreibung der etwa 120.000 ethnischen Armenier aus ihrer Heimat.<\/p>\n<p class=\"MsoPlainText\">&nbsp;<\/p>\n<p class=\"MsoPlainText\">Der ACK-Vorsitzende, Erzpriester Radu Constantin Miron, bef\u00fcrchtet: \u00abAufgrund der Machtverh\u00e4ltnisse und der unterschiedlichen Konfliktherde dieser Welt wird kein Land dort einschreiten und f\u00fcr den Schutz der Menschen in Berg-Karabach sorgen. Es darf keine weitere Eskalation der Gewalt geben!\u00bb Die Region Berg-Karabach geh\u00f6rt v\u00f6lkerrechtlich zu Aserbaidschan, wird aber mehrheitlich von Armeniern bewohnt.<\/p>\n<p>Kirche-Oldenburg<br \/>\n<a href=\"https:\/\/www.kirche-oldenburg.de\/\/aktuell\/news-niedersachsen\/artikel\/kirchen-in-deutschland-verurteilen-gewalt-in-berg-karabach\" target=\"_blank\" rel=\"noopener\">Kirchen in Deutschland verurteilen Gewalt in Berg-Karabach<\/a><\/p>\n","protected":false},"excerpt":{"rendered":"<p>Bonn\/Hannover (epd). Die gro\u00dfen Kirchen in Deutschland haben ihre Sorge \u00fcber das erneute Aufflammen der Gewalt in der Region Berg-Karabach ge\u00e4u\u00dfert. In einer gemeinsamen Erkl\u00e4rung kritisieren sie das massive milit\u00e4rische Vorgehen der Regierung Aserbaidschans. Dieses gef\u00e4hrde die Existenz der mehrheitlich armenischen Bev\u00f6lkerung der autonomen Region, erkl\u00e4rten am Mittwoch die Evangelische Kirche in Deutschland (EKD), die katholische Deutsche Bischofskonferenz sowie die Arbeitsgemeinschaft Christlicher Kirchen (ACK). &nbsp; Es gebe erschreckende Berichte dar\u00fcber, wie vom Hunger geschw\u00e4chte Kinder unter dem Artilleriebeschuss nicht mehr rechtzeitig die Schutzr\u00e4ume erreicht haben, hie\u00df es weiter. Der Anfang der Woche begonnene Angriff aserbaidschanischer Truppen auf die autonome Kaukasus-Region&#8230;<\/p>\n","protected":false},"author":7,"featured_media":0,"comment_status":"false","ping_status":"open","sticky":false,"template":"","format":"standard","meta":{"footnotes":""},"categories":[43],"tags":[44],"class_list":["post-25173","post","type-post","status-publish","format-standard","hentry","category-kirche-oldenburg","tag-kirche-oldenburg"],"_links":{"self":[{"href":"https:\/\/christusnews.de\/site\/wp-json\/wp\/v2\/posts\/25173","targetHints":{"allow":["GET"]}}],"collection":[{"href":"https:\/\/christusnews.de\/site\/wp-json\/wp\/v2\/posts"}],"about":[{"href":"https:\/\/christusnews.de\/site\/wp-json\/wp\/v2\/types\/post"}],"author":[{"embeddable":true,"href":"https:\/\/christusnews.de\/site\/wp-json\/wp\/v2\/users\/7"}],"replies":[{"embeddable":true,"href":"https:\/\/christusnews.de\/site\/wp-json\/wp\/v2\/comments?post=25173"}],"version-history":[{"count":1,"href":"https:\/\/christusnews.de\/site\/wp-json\/wp\/v2\/posts\/25173\/revisions"}],"predecessor-version":[{"id":25174,"href":"https:\/\/christusnews.de\/site\/wp-json\/wp\/v2\/posts\/25173\/revisions\/25174"}],"wp:attachment":[{"href":"https:\/\/christusnews.de\/site\/wp-json\/wp\/v2\/media?parent=25173"}],"wp:term":[{"taxonomy":"category","embeddable":true,"href":"https:\/\/christusnews.de\/site\/wp-json\/wp\/v2\/categories?post=25173"},{"taxonomy":"post_tag","embeddable":true,"href":"https:\/\/christusnews.de\/site\/wp-json\/wp\/v2\/tags?post=25173"}],"curies":[{"name":"wp","href":"https:\/\/api.w.org\/{rel}","templated":true}]}}