{"id":25181,"date":"2023-09-21T10:08:00","date_gmt":"2023-09-21T08:08:00","guid":{"rendered":"https:\/\/christusnews.de\/site\/landvolk-draengt-auf-abschuss-von-woelfen\/"},"modified":"2023-09-22T11:18:07","modified_gmt":"2023-09-22T09:18:07","slug":"landvolk-draengt-auf-abschuss-von-woelfen","status":"publish","type":"post","link":"https:\/\/christusnews.de\/site\/landvolk-draengt-auf-abschuss-von-woelfen\/","title":{"rendered":"Landvolk dr\u00e4ngt auf Abschuss von W\u00f6lfen"},"content":{"rendered":"<p class=\"MsoPlainText\">Hannover\/Stade (epd). Nach neuerlichen \u00dcbergriffen auf Weidetiere in Niedersachsen dr\u00e4ngt das Landvolk auf z\u00fcgige Absch\u00fcsse von W\u00f6lfen in der betroffenen Region. \u00abVor einigen Wochen waren es 55 Schafe im Landkreis Stade, am vergangenen Wochenende \u00fcber 20 Schafe direkt am Wohngebiet im Kreis Harburg und ein paar Tage sp\u00e4ter wurden im Stader Stadtgebiet sogar zwei Rinder vom Wolf gerissen\u00bb, sagten Landvolk-Vize J\u00f6rn Ehlers und Gina Strampe vom Aktionsb\u00fcndnis Aktives Wolfsmanagement am Donnerstag.<\/p>\n<p class=\"MsoPlainText\">&nbsp;<\/p>\n<p class=\"MsoPlainText\">In dieser Region herrsche akuter Handlungsbedarf. Hier sei sofortiges Handeln erforderlich, um die Situation wieder in den Griff zu bekommen. Das sei nicht nur f\u00fcr die Weidetiere \u00fcberlebensnotwendig, sondern auch ein Zeichen f\u00fcr die Bev\u00f6lkerung, die durch diese schlimmen \u00dcbergriffe zunehmend beunruhigt sei.<\/p>\n<p class=\"MsoPlainText\">&nbsp;<\/p>\n<p class=\"MsoPlainText\">\u00abHerdenschutz ist gut und wichtig\u00bb betonten Ehlers und Strampe. Aber wolfssicher einzuz\u00e4unen, sei in einem Fl\u00e4chen- und Tourismusland wie Niedersachsen nicht \u00fcberall umsetzbar. Herdenschutz und Absch\u00fcsse auff\u00e4lliger W\u00f6lfe m\u00fcssten selbstverst\u00e4ndlich werden, sonst gehe die Akzeptanz in der l\u00e4ndlichen Bev\u00f6lkerung verloren.<\/p>\n<p class=\"MsoPlainText\">&nbsp;<\/p>\n<p class=\"MsoPlainText\">Die Bev\u00f6lkerung im Kreis Harburg habe Angst, berichtete Ehlers. Die W\u00f6lfe seien nicht mehr scheu, mieden den Menschen nicht mehr, liefen durch die D\u00f6rfer und seien auf Weidetiere konditioniert: \u00abWir brauchen wolfsfreie Gebiete. Wo der Mensch lebt oder viel Tourismus herrscht, hat der Wolf nichts verloren.\u00bb Die Faktenlage sei eindeutig, in Niedersachsen gebe es in 53 Territorien 50 Wolfsrudel, drei Paare und einen residenten Einzelwolf. Es seien zu viele W\u00f6lfe.&nbsp;Am 29. September wollen Weidetierhalter abends um 19 Uhr nach Landvolk-Angaben europaweit Mahnfeuer gegen die uneingeschr\u00e4nkte Ausbreitung des Wolfes und f\u00fcr den Schutz der Weidetierhaltung entz\u00fcnden.<\/p>\n<p>Kirche-Oldenburg<br \/>\n<a href=\"https:\/\/www.kirche-oldenburg.de\/\/aktuell\/news-niedersachsen\/artikel\/landvolk-draengt-auf-abschuss-von-woelfen\" target=\"_blank\" rel=\"noopener\">Landvolk dr\u00e4ngt auf Abschuss von W\u00f6lfen<\/a><\/p>\n","protected":false},"excerpt":{"rendered":"<p>Hannover\/Stade (epd). Nach neuerlichen \u00dcbergriffen auf Weidetiere in Niedersachsen dr\u00e4ngt das Landvolk auf z\u00fcgige Absch\u00fcsse von W\u00f6lfen in der betroffenen Region. \u00abVor einigen Wochen waren es 55 Schafe im Landkreis Stade, am vergangenen Wochenende \u00fcber 20 Schafe direkt am Wohngebiet im Kreis Harburg und ein paar Tage sp\u00e4ter wurden im Stader Stadtgebiet sogar zwei Rinder vom Wolf gerissen\u00bb, sagten Landvolk-Vize J\u00f6rn Ehlers und Gina Strampe vom Aktionsb\u00fcndnis Aktives Wolfsmanagement am Donnerstag. &nbsp; In dieser Region herrsche akuter Handlungsbedarf. Hier sei sofortiges Handeln erforderlich, um die Situation wieder in den Griff zu bekommen. Das sei nicht nur f\u00fcr die Weidetiere \u00fcberlebensnotwendig,&#8230;<\/p>\n","protected":false},"author":7,"featured_media":0,"comment_status":"false","ping_status":"open","sticky":false,"template":"","format":"standard","meta":{"footnotes":""},"categories":[43],"tags":[44],"class_list":["post-25181","post","type-post","status-publish","format-standard","hentry","category-kirche-oldenburg","tag-kirche-oldenburg"],"_links":{"self":[{"href":"https:\/\/christusnews.de\/site\/wp-json\/wp\/v2\/posts\/25181","targetHints":{"allow":["GET"]}}],"collection":[{"href":"https:\/\/christusnews.de\/site\/wp-json\/wp\/v2\/posts"}],"about":[{"href":"https:\/\/christusnews.de\/site\/wp-json\/wp\/v2\/types\/post"}],"author":[{"embeddable":true,"href":"https:\/\/christusnews.de\/site\/wp-json\/wp\/v2\/users\/7"}],"replies":[{"embeddable":true,"href":"https:\/\/christusnews.de\/site\/wp-json\/wp\/v2\/comments?post=25181"}],"version-history":[{"count":1,"href":"https:\/\/christusnews.de\/site\/wp-json\/wp\/v2\/posts\/25181\/revisions"}],"predecessor-version":[{"id":25182,"href":"https:\/\/christusnews.de\/site\/wp-json\/wp\/v2\/posts\/25181\/revisions\/25182"}],"wp:attachment":[{"href":"https:\/\/christusnews.de\/site\/wp-json\/wp\/v2\/media?parent=25181"}],"wp:term":[{"taxonomy":"category","embeddable":true,"href":"https:\/\/christusnews.de\/site\/wp-json\/wp\/v2\/categories?post=25181"},{"taxonomy":"post_tag","embeddable":true,"href":"https:\/\/christusnews.de\/site\/wp-json\/wp\/v2\/tags?post=25181"}],"curies":[{"name":"wp","href":"https:\/\/api.w.org\/{rel}","templated":true}]}}