{"id":25185,"date":"2023-09-24T10:05:42","date_gmt":"2023-09-24T08:05:42","guid":{"rendered":"https:\/\/christusnews.de\/site\/havenkirche-heute-ganz-im-zeichen-von-kinder-jugend-und-familien-11-00-uhr-familiengottesdienst-zum-apfelfest-dem-erntedank-fuer-kinder-wir-haben-geerntet-saft-gepresst-und-gebacken-ein-knac\/"},"modified":"2023-09-24T11:18:20","modified_gmt":"2023-09-24T09:18:20","slug":"havenkirche-heute-ganz-im-zeichen-von-kinder-jugend-und-familien-11-00-uhr-familiengottesdienst-zum-apfelfest-dem-erntedank-fuer-kinder-wir-haben-geerntet-saft-gepresst-und-gebacken-ein-knac","status":"publish","type":"post","link":"https:\/\/christusnews.de\/site\/havenkirche-heute-ganz-im-zeichen-von-kinder-jugend-und-familien-11-00-uhr-familiengottesdienst-zum-apfelfest-dem-erntedank-fuer-kinder-wir-haben-geerntet-saft-gepresst-und-gebacken-ein-knac\/","title":{"rendered":"Havenkirche &#8211; heute ganz im Zeichen von Kinder, Jugend und Familien. \n\n11.00 Uhr Familiengottesdienst zum Apfelfest, dem Erntedank f\u00fcr Kinder. Wir haben geerntet, Saft gepresst und gebacken. Ein knackiger Familiengottesdienst in der Heppenser Kirche  und anschlie\u00dfend Apfelleckereien \n\n17.00 Uhr &quot;Leinen los&quot; &#8211; wir begr\u00fc\u00dfen einen neuen Konfi-Zeit Jahrgang mit einem Jugendgottesdienst und anschlie\u00dfend einem Mitbringb\u00fcffet im Heppenser Gemeindehaus"},"content":{"rendered":"<p>Havenkirche &#8211; heute ganz im Zeichen von Kinder, Jugend und Familien. <\/p>\n<p>11.00 Uhr Familiengottesdienst zum Apfelfest, dem Erntedank f\u00fcr Kinder. Wir haben geerntet, Saft gepresst und gebacken. Ein knackiger Familiengottesdienst in der Heppenser Kirche  und anschlie\u00dfend Apfelleckereien <\/p>\n<p>17.00 Uhr &#8220;Leinen los&#8221; &#8211; wir begr\u00fc\u00dfen einen neuen Konfi-Zeit Jahrgang mit einem Jugendgottesdienst und anschlie\u00dfend einem Mitbringb\u00fcffet im Heppenser Gemeindehaus<br \/>\nHAVENKIRCHE@FB<br \/>\n<a href=\"https:\/\/www.facebook.com\/396185572708352\/posts\/623695956623978\" target=\"_blank\" rel=\"noopener\">Havenkirche &#8211; heute ganz im Zeichen von Kinder, Jugend und Familien. <\/p>\n<p>11.00 Uhr Familiengottesdienst zum Apfelfest, dem Erntedank f\u00fcr Kinder. Wir haben geerntet, Saft gepresst und gebacken. Ein knackiger Familiengottesdienst in der Heppenser Kirche  und anschlie\u00dfend Apfelleckereien <\/p>\n<p>17.00 Uhr &quot;Leinen los&quot; &#8211; wir begr\u00fc\u00dfen einen neuen Konfi-Zeit Jahrgang mit einem Jugendgottesdienst und anschlie\u00dfend einem Mitbringb\u00fcffet im Heppenser Gemeindehaus<\/a><\/p>\n","protected":false},"excerpt":{"rendered":"<p>Havenkirche &#8211; heute ganz im Zeichen von Kinder, Jugend und Familien. 11.00 Uhr Familiengottesdienst zum Apfelfest, dem Erntedank f\u00fcr Kinder. Wir haben geerntet, Saft gepresst und gebacken. Ein knackiger Familiengottesdienst in der Heppenser Kirche und anschlie\u00dfend Apfelleckereien 17.00 Uhr &#8220;Leinen los&#8221; &#8211; wir begr\u00fc\u00dfen einen neuen Konfi-Zeit Jahrgang mit einem Jugendgottesdienst und anschlie\u00dfend einem Mitbringb\u00fcffet im Heppenser Gemeindehaus HAVENKIRCHE@FB Havenkirche &#8211; heute ganz im Zeichen von Kinder, Jugend und Familien. 11.00 Uhr Familiengottesdienst zum Apfelfest, dem Erntedank f\u00fcr Kinder. Wir haben geerntet, Saft gepresst und gebacken. Ein knackiger Familiengottesdienst in der Heppenser Kirche und anschlie\u00dfend Apfelleckereien 17.00 Uhr &quot;Leinen los&quot;&#8230;<\/p>\n","protected":false},"author":6,"featured_media":0,"comment_status":"false","ping_status":"open","sticky":false,"template":"","format":"standard","meta":{"footnotes":""},"categories":[75],"tags":[76],"class_list":["post-25185","post","type-post","status-publish","format-standard","hentry","category-havenkirche","tag-havenkirche"],"_links":{"self":[{"href":"https:\/\/christusnews.de\/site\/wp-json\/wp\/v2\/posts\/25185","targetHints":{"allow":["GET"]}}],"collection":[{"href":"https:\/\/christusnews.de\/site\/wp-json\/wp\/v2\/posts"}],"about":[{"href":"https:\/\/christusnews.de\/site\/wp-json\/wp\/v2\/types\/post"}],"author":[{"embeddable":true,"href":"https:\/\/christusnews.de\/site\/wp-json\/wp\/v2\/users\/6"}],"replies":[{"embeddable":true,"href":"https:\/\/christusnews.de\/site\/wp-json\/wp\/v2\/comments?post=25185"}],"version-history":[{"count":1,"href":"https:\/\/christusnews.de\/site\/wp-json\/wp\/v2\/posts\/25185\/revisions"}],"predecessor-version":[{"id":25186,"href":"https:\/\/christusnews.de\/site\/wp-json\/wp\/v2\/posts\/25185\/revisions\/25186"}],"wp:attachment":[{"href":"https:\/\/christusnews.de\/site\/wp-json\/wp\/v2\/media?parent=25185"}],"wp:term":[{"taxonomy":"category","embeddable":true,"href":"https:\/\/christusnews.de\/site\/wp-json\/wp\/v2\/categories?post=25185"},{"taxonomy":"post_tag","embeddable":true,"href":"https:\/\/christusnews.de\/site\/wp-json\/wp\/v2\/tags?post=25185"}],"curies":[{"name":"wp","href":"https:\/\/api.w.org\/{rel}","templated":true}]}}