{"id":25189,"date":"2023-09-26T09:18:58","date_gmt":"2023-09-26T07:18:58","guid":{"rendered":"https:\/\/christusnews.de\/site\/?p=25189"},"modified":"2023-09-25T09:19:44","modified_gmt":"2023-09-25T07:19:44","slug":"jesus-im-regen-am-strandkorb","status":"publish","type":"post","link":"https:\/\/christusnews.de\/site\/jesus-im-regen-am-strandkorb\/","title":{"rendered":"Jesus im Regen am Strandkorb!"},"content":{"rendered":"\n<p>Jesus im Regen am Strandkorb! Klingt komisch, ist aber so!<\/p>\n\n\n\n<p>Dienstags ist Abendsegen am Strandkorb 322. Sommerkirche am Meer! Jetzt war dieser Sommer eben dieser Sommer. Unser Sommerkaplan geht mit dem Friesennerz bew\u00e4hrt vom Pfarrhaus in Schillig los. Am Strand angekommen \u00f6ffnen sich die Schleusen des Himmels, und es beginnt in Str\u00f6men zu gie\u00dfen. Zwei Leute aus der Gemeinde sind dem Wetter trotzend auch am Strandkorb. Die drei singen ein Lied, beten das Vaterunser und sind sich einig, dass es jetzt reicht. Das Wasser l\u00e4uft dem Kollegen aus den Schuhen, als er nach Hause kommt und die Freude steht ihm ins Gesicht geschrieben. Er lacht, als er davon erz\u00e4hlt, wie wunderbar dieser Moment war und dass es ja eigentlich eine gro\u00dfartige Tauferneuerung war, die die Drei zusammen erlebt haben, inne der Worte Jesu: \u201eWo zwei oder drei in meinem Namen versammelt sind, da bin ich mitten unter ihnen!\u201c&nbsp;<\/p>\n\n\n\n<blockquote class=\"wp-block-quote is-layout-flow wp-block-quote-is-layout-flow\">\n<p><strong>Lars Bratke<\/strong><\/p>\n\n\n\n<p id=\"block-fb80a6b2-cb5c-4986-8baf-0eaeeaa95669\">H<em>\u00f6ren Sie diesen Beitrag bei Radio Jade:<\/em><br><a rel=\"noreferrer noopener\" href=\"http:\/\/www.radio-jade.de\/mediathek\/angedacht\/\" target=\"_blank\"><em>Alle Beitr\u00e4ge im \u00dcberblick | RADIO JADE<\/em><\/a><\/p>\n<\/blockquote>\n","protected":false},"excerpt":{"rendered":"<p>Jesus im Regen am Strandkorb! Klingt komisch, ist aber so! Dienstags ist Abendsegen am Strandkorb 322. Sommerkirche am Meer! Jetzt war dieser Sommer eben dieser Sommer. Unser Sommerkaplan geht mit dem Friesennerz bew\u00e4hrt vom Pfarrhaus in Schillig los. Am Strand angekommen \u00f6ffnen sich die Schleusen des Himmels, und es beginnt in Str\u00f6men zu gie\u00dfen. Zwei Leute aus der Gemeinde sind dem Wetter trotzend auch am Strandkorb. Die drei singen ein Lied, beten das Vaterunser und sind sich einig, dass es jetzt reicht. Das Wasser l\u00e4uft dem Kollegen aus den Schuhen, als er nach Hause kommt und die Freude steht ihm&#8230;<\/p>\n","protected":false},"author":6,"featured_media":1171,"comment_status":"closed","ping_status":"open","sticky":false,"template":"","format":"standard","meta":{"footnotes":""},"categories":[5],"tags":[],"class_list":["post-25189","post","type-post","status-publish","format-standard","has-post-thumbnail","hentry","category-angedacht"],"_links":{"self":[{"href":"https:\/\/christusnews.de\/site\/wp-json\/wp\/v2\/posts\/25189","targetHints":{"allow":["GET"]}}],"collection":[{"href":"https:\/\/christusnews.de\/site\/wp-json\/wp\/v2\/posts"}],"about":[{"href":"https:\/\/christusnews.de\/site\/wp-json\/wp\/v2\/types\/post"}],"author":[{"embeddable":true,"href":"https:\/\/christusnews.de\/site\/wp-json\/wp\/v2\/users\/6"}],"replies":[{"embeddable":true,"href":"https:\/\/christusnews.de\/site\/wp-json\/wp\/v2\/comments?post=25189"}],"version-history":[{"count":1,"href":"https:\/\/christusnews.de\/site\/wp-json\/wp\/v2\/posts\/25189\/revisions"}],"predecessor-version":[{"id":25190,"href":"https:\/\/christusnews.de\/site\/wp-json\/wp\/v2\/posts\/25189\/revisions\/25190"}],"wp:featuredmedia":[{"embeddable":true,"href":"https:\/\/christusnews.de\/site\/wp-json\/wp\/v2\/media\/1171"}],"wp:attachment":[{"href":"https:\/\/christusnews.de\/site\/wp-json\/wp\/v2\/media?parent=25189"}],"wp:term":[{"taxonomy":"category","embeddable":true,"href":"https:\/\/christusnews.de\/site\/wp-json\/wp\/v2\/categories?post=25189"},{"taxonomy":"post_tag","embeddable":true,"href":"https:\/\/christusnews.de\/site\/wp-json\/wp\/v2\/tags?post=25189"}],"curies":[{"name":"wp","href":"https:\/\/api.w.org\/{rel}","templated":true}]}}