{"id":25193,"date":"2023-09-28T09:20:55","date_gmt":"2023-09-28T07:20:55","guid":{"rendered":"https:\/\/christusnews.de\/site\/?p=25193"},"modified":"2023-09-25T09:21:37","modified_gmt":"2023-09-25T07:21:37","slug":"proppenvolle-kirche","status":"publish","type":"post","link":"https:\/\/christusnews.de\/site\/proppenvolle-kirche\/","title":{"rendered":"Proppenvolle Kirche"},"content":{"rendered":"\n<p>Am 24. August durfte ich in einer proppenvollen Kirche in Emden den evangelisch-lutherischen Regionalbischof f\u00fcr Ostfriesland, Detlef Klahr, in den Ruhestand verabschieden. Das war ein Fest des Glaubens! So viele Menschen aller Generationen waren da, um zu singen, zu beten, eine richtig gute Predigt zu h\u00f6ren und jemandem leb wohl zusagen, der einfach nur ein strahlender, froher Christenmensch mit ansteckender Glaubensfreude ist. Wir haben in dem Gottesdienst so oft von Herzen gelacht und am Schluss gab\u2019s standing ovation f\u00fcr den scheidenden Bischof. Gott ja! Der Philosoph Nitzsche hat recht, dass die Christen erl\u00f6ster aussehen m\u00fcssten, wenn sie ihn \u00fcberzeugen sollten. Das hat mir Detlef klar bei vielen Treffen klargemacht. Kein Wunder bei dem Wahlspruch aus Psalm 73: \u201eDas ist meine Freude, dass ich mich zu Gott halte und meine Zuversicht setze auf Gott den\u00a0Herrn.\u201c\u00a0Und sehe den Bruder im Bischofsamt voll Freude und tief dankbar lachen!<\/p>\n\n\n\n<p><\/p>\n\n\n\n<blockquote class=\"wp-block-quote is-layout-flow wp-block-quote-is-layout-flow\">\n<p><strong>Lars Bratke<\/strong><\/p>\n\n\n\n<p id=\"block-fb80a6b2-cb5c-4986-8baf-0eaeeaa95669\">H<em>\u00f6ren Sie diesen Beitrag bei Radio Jade:<\/em><br><a rel=\"noreferrer noopener\" href=\"http:\/\/www.radio-jade.de\/mediathek\/angedacht\/\" target=\"_blank\"><em>Alle Beitr\u00e4ge im \u00dcberblick | RADIO JADE<\/em><\/a><\/p>\n<\/blockquote>\n","protected":false},"excerpt":{"rendered":"<p>Am 24. August durfte ich in einer proppenvollen Kirche in Emden den evangelisch-lutherischen Regionalbischof f\u00fcr Ostfriesland, Detlef Klahr, in den Ruhestand verabschieden. Das war ein Fest des Glaubens! So viele Menschen aller Generationen waren da, um zu singen, zu beten, eine richtig gute Predigt zu h\u00f6ren und jemandem leb wohl zusagen, der einfach nur ein strahlender, froher Christenmensch mit ansteckender Glaubensfreude ist. Wir haben in dem Gottesdienst so oft von Herzen gelacht und am Schluss gab\u2019s standing ovation f\u00fcr den scheidenden Bischof. Gott ja! Der Philosoph Nitzsche hat recht, dass die Christen erl\u00f6ster aussehen m\u00fcssten, wenn sie ihn \u00fcberzeugen sollten&#8230;.<\/p>\n","protected":false},"author":6,"featured_media":1171,"comment_status":"closed","ping_status":"open","sticky":false,"template":"","format":"standard","meta":{"footnotes":""},"categories":[5],"tags":[],"class_list":["post-25193","post","type-post","status-publish","format-standard","has-post-thumbnail","hentry","category-angedacht"],"_links":{"self":[{"href":"https:\/\/christusnews.de\/site\/wp-json\/wp\/v2\/posts\/25193","targetHints":{"allow":["GET"]}}],"collection":[{"href":"https:\/\/christusnews.de\/site\/wp-json\/wp\/v2\/posts"}],"about":[{"href":"https:\/\/christusnews.de\/site\/wp-json\/wp\/v2\/types\/post"}],"author":[{"embeddable":true,"href":"https:\/\/christusnews.de\/site\/wp-json\/wp\/v2\/users\/6"}],"replies":[{"embeddable":true,"href":"https:\/\/christusnews.de\/site\/wp-json\/wp\/v2\/comments?post=25193"}],"version-history":[{"count":1,"href":"https:\/\/christusnews.de\/site\/wp-json\/wp\/v2\/posts\/25193\/revisions"}],"predecessor-version":[{"id":25194,"href":"https:\/\/christusnews.de\/site\/wp-json\/wp\/v2\/posts\/25193\/revisions\/25194"}],"wp:featuredmedia":[{"embeddable":true,"href":"https:\/\/christusnews.de\/site\/wp-json\/wp\/v2\/media\/1171"}],"wp:attachment":[{"href":"https:\/\/christusnews.de\/site\/wp-json\/wp\/v2\/media?parent=25193"}],"wp:term":[{"taxonomy":"category","embeddable":true,"href":"https:\/\/christusnews.de\/site\/wp-json\/wp\/v2\/categories?post=25193"},{"taxonomy":"post_tag","embeddable":true,"href":"https:\/\/christusnews.de\/site\/wp-json\/wp\/v2\/tags?post=25193"}],"curies":[{"name":"wp","href":"https:\/\/api.w.org\/{rel}","templated":true}]}}