{"id":25201,"date":"2023-10-11T09:24:07","date_gmt":"2023-10-11T07:24:07","guid":{"rendered":"https:\/\/christusnews.de\/site\/?p=25201"},"modified":"2023-09-25T09:24:39","modified_gmt":"2023-09-25T07:24:39","slug":"benedikt","status":"publish","type":"post","link":"https:\/\/christusnews.de\/site\/benedikt\/","title":{"rendered":"Benedikt"},"content":{"rendered":"\n<p>\u00dcber 10 Jahre ist es her. In der Ausbildung kommt irgendwann der ber\u00fchmte Durchh\u00e4nger. Meistens genau in der Mitte der Lehrzeit. Der Kopf ersch\u00f6pft von der vielen Wissensaufnahme. Und das Gef\u00fchl, dass das wirkliche tolle Leben an einem vor\u00fcberzieht.&nbsp;<\/p>\n\n\n\n<p>Ein Tapetenwechsel war f\u00e4llig. Ich fand ihn im Benediktinerkloster. Uralte Mauern, Gebete, Lieder, Ora et Labora = Bete und Arbeite.&nbsp;<\/p>\n\n\n\n<p>Heute habe ich meinen Weg gefunden, aber damals als ganz junger Mensch tat es mir gut, einige Zeit mit Menschen zu leben, die total anders waren als ich und Gott als Zentrum hatten.&nbsp;<\/p>\n\n\n\n<p>Gott als Zentrum \u2013 dass habe ich mir mitgenommen. Ich kehrte zur\u00fcck nach Hause und fand aus dem Leistungstief wieder heraus.&nbsp;<\/p>\n\n\n\n<p>Bis heute bekomme ich das gedruckte Magazin der M\u00f6nche nach Hause geschickt. Ein Artikel vereinfachte die Benediktsregel, sozusagen die Hausordnung f\u00fcr das kl\u00f6sterliche Leben der Benediktiner, auf das Wesentliche f\u00fcr den Alltag:<\/p>\n\n\n\n<ul class=\"wp-block-list\">\n<li>Ermutigung<\/li>\n\n\n\n<li>G\u00fcte<\/li>\n\n\n\n<li>Gesp\u00fcr f\u00fcr den rechten Augenblick<\/li>\n<\/ul>\n\n\n\n<p>Und ich sp\u00fcrte beim Lesen wieder diese Kraft von damals.&nbsp;<\/p>\n\n\n\n<p>Gott als Zentrum \u2013 heute \u2013 und immer.&nbsp;&nbsp;<\/p>\n\n\n\n<p><\/p>\n\n\n\n<blockquote class=\"wp-block-quote is-layout-flow wp-block-quote-is-layout-flow\">\n<p><strong><strong>Florian Bargen&nbsp;<\/strong><\/strong><\/p>\n\n\n\n<p id=\"block-fb80a6b2-cb5c-4986-8baf-0eaeeaa95669\">H<em>\u00f6ren Sie diesen Beitrag bei Radio Jade:<\/em><br><a rel=\"noreferrer noopener\" href=\"http:\/\/www.radio-jade.de\/mediathek\/angedacht\/\" target=\"_blank\"><em>Alle Beitr\u00e4ge im \u00dcberblick | RADIO JADE<\/em><\/a><\/p>\n<\/blockquote>\n","protected":false},"excerpt":{"rendered":"<p>\u00dcber 10 Jahre ist es her. In der Ausbildung kommt irgendwann der ber\u00fchmte Durchh\u00e4nger. Meistens genau in der Mitte der Lehrzeit. Der Kopf ersch\u00f6pft von der vielen Wissensaufnahme. Und das Gef\u00fchl, dass das wirkliche tolle Leben an einem vor\u00fcberzieht.&nbsp; Ein Tapetenwechsel war f\u00e4llig. Ich fand ihn im Benediktinerkloster. Uralte Mauern, Gebete, Lieder, Ora et Labora = Bete und Arbeite.&nbsp; Heute habe ich meinen Weg gefunden, aber damals als ganz junger Mensch tat es mir gut, einige Zeit mit Menschen zu leben, die total anders waren als ich und Gott als Zentrum hatten.&nbsp; Gott als Zentrum \u2013 dass habe ich mir&#8230;<\/p>\n","protected":false},"author":6,"featured_media":1171,"comment_status":"closed","ping_status":"open","sticky":false,"template":"","format":"standard","meta":{"footnotes":""},"categories":[5],"tags":[],"class_list":["post-25201","post","type-post","status-publish","format-standard","has-post-thumbnail","hentry","category-angedacht"],"_links":{"self":[{"href":"https:\/\/christusnews.de\/site\/wp-json\/wp\/v2\/posts\/25201","targetHints":{"allow":["GET"]}}],"collection":[{"href":"https:\/\/christusnews.de\/site\/wp-json\/wp\/v2\/posts"}],"about":[{"href":"https:\/\/christusnews.de\/site\/wp-json\/wp\/v2\/types\/post"}],"author":[{"embeddable":true,"href":"https:\/\/christusnews.de\/site\/wp-json\/wp\/v2\/users\/6"}],"replies":[{"embeddable":true,"href":"https:\/\/christusnews.de\/site\/wp-json\/wp\/v2\/comments?post=25201"}],"version-history":[{"count":1,"href":"https:\/\/christusnews.de\/site\/wp-json\/wp\/v2\/posts\/25201\/revisions"}],"predecessor-version":[{"id":25202,"href":"https:\/\/christusnews.de\/site\/wp-json\/wp\/v2\/posts\/25201\/revisions\/25202"}],"wp:featuredmedia":[{"embeddable":true,"href":"https:\/\/christusnews.de\/site\/wp-json\/wp\/v2\/media\/1171"}],"wp:attachment":[{"href":"https:\/\/christusnews.de\/site\/wp-json\/wp\/v2\/media?parent=25201"}],"wp:term":[{"taxonomy":"category","embeddable":true,"href":"https:\/\/christusnews.de\/site\/wp-json\/wp\/v2\/categories?post=25201"},{"taxonomy":"post_tag","embeddable":true,"href":"https:\/\/christusnews.de\/site\/wp-json\/wp\/v2\/tags?post=25201"}],"curies":[{"name":"wp","href":"https:\/\/api.w.org\/{rel}","templated":true}]}}