{"id":25215,"date":"2023-09-25T11:53:00","date_gmt":"2023-09-25T09:53:00","guid":{"rendered":"https:\/\/christusnews.de\/site\/ndr-dokumentation-zeigt-deutschlands-neue-imame\/"},"modified":"2023-09-26T23:20:51","modified_gmt":"2023-09-26T21:20:51","slug":"ndr-dokumentation-zeigt-deutschlands-neue-imame","status":"publish","type":"post","link":"https:\/\/christusnews.de\/site\/ndr-dokumentation-zeigt-deutschlands-neue-imame\/","title":{"rendered":"NDR-Dokumentation zeigt \u00abDeutschlands neue Imame\u00bb"},"content":{"rendered":"<p class=\"MsoPlainText\">Hannover\/Osnabr\u00fcck (epd). In einer neuen Fernseh-Reportage dokumentiert der Norddeutsche Rundfunk den Beginn der bundesweit einzigartigen Ausbildungsst\u00e4tte f\u00fcr angehende Imame in Osnabr\u00fcck. \u00dcber zwei Jahre seien drei der insgesamt 18 Teilnehmenden aus dem ersten Jahrgang begleitet worden, teilte der Sender mit. Das im Jahr 2021 er\u00f6ffnete Islamkolleg bildet erstmals in Deutschland Imame ausschlie\u00dflich deutscher Sprache aus. Die Dokumentation \u00abDeutschlands neue Imame &#8211; Wozu brauchen wir sie?\u00bb wird am Montagabend um 22 Uhr im NDR Fernsehen ausgestrahlt und kann danach in der ARD-Mediathek abgerufen werden.<\/p>\n<p class=\"MsoPlainText\">&nbsp;<\/p>\n<p class=\"MsoPlainText\">Zwei Autorinnen h\u00e4tten den Alltag der Protagonisten unterschiedlicher Herkunft in dieser Zeit eingefangen, hie\u00df es. Gezeigt w\u00fcrden ein Gef\u00e4ngnisseelsorger aus Berlin, eine Frau aus Oldenburg und ein angehender Imam mit mazedonischen Wurzeln aus D\u00fcsseldorf. So seien unterschiedliche Stationen zu sehen wie die Er\u00f6ffnung des Kollegs, der Unterricht, die Pr\u00fcfungen oder auch Ausfl\u00fcge. Bei Besuchen zu Hause werde geschildert, welchen Beitrag die Imame f\u00fcr die Gesellschaft leisteten.<\/p>\n<p class=\"MsoPlainText\">&nbsp;<\/p>\n<p class=\"MsoPlainText\">Das Kolleg wird vom deutschen Staat gef\u00f6rdert und von mehreren Islamverb\u00e4nden getragen, unter anderem dem Zentralrat der Muslime. Die zweij\u00e4hrige praktisch-theologische Ausbildung umfasst sieben Module: Predigt, Seelsorge, Gottesdienst, Koran-Rezitation, politische Bildung, Gemeindep\u00e4dagogik und soziale Arbeit.<\/p>\n<p>Kirche-Oldenburg<br \/>\n<a href=\"https:\/\/www.kirche-oldenburg.de\/\/aktuell\/news-niedersachsen\/artikel\/ndr-dokumentation-zeigt-deutschlands-neue-imame\" target=\"_blank\" rel=\"noopener\">NDR-Dokumentation zeigt \u00abDeutschlands neue Imame\u00bb<\/a><\/p>\n","protected":false},"excerpt":{"rendered":"<p>Hannover\/Osnabr\u00fcck (epd). In einer neuen Fernseh-Reportage dokumentiert der Norddeutsche Rundfunk den Beginn der bundesweit einzigartigen Ausbildungsst\u00e4tte f\u00fcr angehende Imame in Osnabr\u00fcck. \u00dcber zwei Jahre seien drei der insgesamt 18 Teilnehmenden aus dem ersten Jahrgang begleitet worden, teilte der Sender mit. Das im Jahr 2021 er\u00f6ffnete Islamkolleg bildet erstmals in Deutschland Imame ausschlie\u00dflich deutscher Sprache aus. Die Dokumentation \u00abDeutschlands neue Imame &#8211; Wozu brauchen wir sie?\u00bb wird am Montagabend um 22 Uhr im NDR Fernsehen ausgestrahlt und kann danach in der ARD-Mediathek abgerufen werden. &nbsp; Zwei Autorinnen h\u00e4tten den Alltag der Protagonisten unterschiedlicher Herkunft in dieser Zeit eingefangen, hie\u00df es. Gezeigt&#8230;<\/p>\n","protected":false},"author":7,"featured_media":0,"comment_status":"false","ping_status":"open","sticky":false,"template":"","format":"standard","meta":{"footnotes":""},"categories":[43],"tags":[44],"class_list":["post-25215","post","type-post","status-publish","format-standard","hentry","category-kirche-oldenburg","tag-kirche-oldenburg"],"_links":{"self":[{"href":"https:\/\/christusnews.de\/site\/wp-json\/wp\/v2\/posts\/25215","targetHints":{"allow":["GET"]}}],"collection":[{"href":"https:\/\/christusnews.de\/site\/wp-json\/wp\/v2\/posts"}],"about":[{"href":"https:\/\/christusnews.de\/site\/wp-json\/wp\/v2\/types\/post"}],"author":[{"embeddable":true,"href":"https:\/\/christusnews.de\/site\/wp-json\/wp\/v2\/users\/7"}],"replies":[{"embeddable":true,"href":"https:\/\/christusnews.de\/site\/wp-json\/wp\/v2\/comments?post=25215"}],"version-history":[{"count":1,"href":"https:\/\/christusnews.de\/site\/wp-json\/wp\/v2\/posts\/25215\/revisions"}],"predecessor-version":[{"id":25216,"href":"https:\/\/christusnews.de\/site\/wp-json\/wp\/v2\/posts\/25215\/revisions\/25216"}],"wp:attachment":[{"href":"https:\/\/christusnews.de\/site\/wp-json\/wp\/v2\/media?parent=25215"}],"wp:term":[{"taxonomy":"category","embeddable":true,"href":"https:\/\/christusnews.de\/site\/wp-json\/wp\/v2\/categories?post=25215"},{"taxonomy":"post_tag","embeddable":true,"href":"https:\/\/christusnews.de\/site\/wp-json\/wp\/v2\/tags?post=25215"}],"curies":[{"name":"wp","href":"https:\/\/api.w.org\/{rel}","templated":true}]}}