{"id":25223,"date":"2023-09-23T11:45:00","date_gmt":"2023-09-23T09:45:00","guid":{"rendered":"https:\/\/christusnews.de\/site\/fluechtlinge-habeck-sieht-belastungsgrenze-der-kommunen\/"},"modified":"2023-09-26T23:20:52","modified_gmt":"2023-09-26T21:20:52","slug":"fluechtlinge-habeck-sieht-belastungsgrenze-der-kommunen","status":"publish","type":"post","link":"https:\/\/christusnews.de\/site\/fluechtlinge-habeck-sieht-belastungsgrenze-der-kommunen\/","title":{"rendered":"Fl\u00fcchtlinge: Habeck sieht Belastungsgrenze der Kommunen"},"content":{"rendered":"<p class=\"MsoPlainText\">Hannover (epd). Vizekanzler Robert Habeck (Gr\u00fcne) sieht angesichts des anhaltenden Zuzugs von Fl\u00fcchtlingen nach Deutschland eine Grenze bei der Aufnahmekapazit\u00e4t in Landkreisen, St\u00e4dten und Gemeinden erreicht. \u00abWir haben eine gro\u00dfe Herausforderung f\u00fcr das Land zu bew\u00e4ltigen\u00bb, sagte Habeck dem RedaktionsNetzwerk Deutschland (RND, Samstag). Bei einer Konferenz mit B\u00fcrgermeistern und Landr\u00e4ten sei ihm von \u00dcberlastung und \u00dcberforderung berichtet worden: \u00abSie sagen, dass sie an vielen Stellen nicht mehr wissen, wie sie die Probleme l\u00f6sen sollen. Sozialarbeiter kommen kaum noch hinterher, Wohnraum ist knapp. Sie k\u00f6nnen die Unterbringung kaum noch und bald gar nicht mehr gew\u00e4hrleisten. Die Integrationskurse sind unterfinanziert.\u00bb Da herrsche \u00abeine gewisse Dramatik\u00bb.<\/p>\n<p class=\"MsoPlainText\">&nbsp;<\/p>\n<p class=\"MsoPlainText\">Ihm sei berichtet worden, dass h\u00e4ufig au\u00dfer Turnhallen keine Unterk\u00fcnfte mehr zur Verf\u00fcgung st\u00fcnden, sagte Habeck. Falle dann der Turnunterricht aus, k\u00f6nne nicht erwarten werden, dass alle B\u00fcrger sagen: \u00abWir kriegen das schon hin.\u00bb Wenn der Rechtspopulismus dieses Thema nicht ausbeutet solle, \u00abdann sind alle demokratischen Parteien verpflichtet, bei der Suche nach L\u00f6sungen zu helfen\u00bb.<\/p>\n<p class=\"MsoPlainText\">&nbsp;<\/p>\n<p class=\"MsoPlainText\">Habeck sagte, seine Partei sei auch zu pragmatischen L\u00f6sungen bereit, um den Zuzug bereits an den EU-Au\u00dfengrenzen zu senken. \u00abWir haben regierungsseitig einem Gemeinsamem Europ\u00e4ischem Asylsystem, das unter anderem Asylverfahren an den Au\u00dfengrenzen der EU vorsieht, zugestimmt, aber es war schwierig f\u00fcr viele Gr\u00fcne.\u00bb Wenn die Gr\u00fcnen das Recht auf Asyl aber weiter sch\u00fctzen wollten, dann m\u00fcssten sie \u00abdie Wirklichkeit annehmen und die konkreten Probleme l\u00f6sen &#8211; auch, wenn es bedeutet, moralisch schwierige Entscheidungen zu treffen.\u00bb<\/p>\n<p>Kirche-Oldenburg<br \/>\n<a href=\"https:\/\/www.kirche-oldenburg.de\/\/aktuell\/news-niedersachsen\/artikel\/fluechtlinge-habeck-sieht-belastungsgrenze-der-kommunen\" target=\"_blank\" rel=\"noopener\">Fl\u00fcchtlinge: Habeck sieht Belastungsgrenze der Kommunen<\/a><\/p>\n","protected":false},"excerpt":{"rendered":"<p>Hannover (epd). Vizekanzler Robert Habeck (Gr\u00fcne) sieht angesichts des anhaltenden Zuzugs von Fl\u00fcchtlingen nach Deutschland eine Grenze bei der Aufnahmekapazit\u00e4t in Landkreisen, St\u00e4dten und Gemeinden erreicht. \u00abWir haben eine gro\u00dfe Herausforderung f\u00fcr das Land zu bew\u00e4ltigen\u00bb, sagte Habeck dem RedaktionsNetzwerk Deutschland (RND, Samstag). Bei einer Konferenz mit B\u00fcrgermeistern und Landr\u00e4ten sei ihm von \u00dcberlastung und \u00dcberforderung berichtet worden: \u00abSie sagen, dass sie an vielen Stellen nicht mehr wissen, wie sie die Probleme l\u00f6sen sollen. Sozialarbeiter kommen kaum noch hinterher, Wohnraum ist knapp. Sie k\u00f6nnen die Unterbringung kaum noch und bald gar nicht mehr gew\u00e4hrleisten. Die Integrationskurse sind unterfinanziert.\u00bb Da herrsche&#8230;<\/p>\n","protected":false},"author":7,"featured_media":0,"comment_status":"false","ping_status":"open","sticky":false,"template":"","format":"standard","meta":{"footnotes":""},"categories":[43],"tags":[44],"class_list":["post-25223","post","type-post","status-publish","format-standard","hentry","category-kirche-oldenburg","tag-kirche-oldenburg"],"_links":{"self":[{"href":"https:\/\/christusnews.de\/site\/wp-json\/wp\/v2\/posts\/25223","targetHints":{"allow":["GET"]}}],"collection":[{"href":"https:\/\/christusnews.de\/site\/wp-json\/wp\/v2\/posts"}],"about":[{"href":"https:\/\/christusnews.de\/site\/wp-json\/wp\/v2\/types\/post"}],"author":[{"embeddable":true,"href":"https:\/\/christusnews.de\/site\/wp-json\/wp\/v2\/users\/7"}],"replies":[{"embeddable":true,"href":"https:\/\/christusnews.de\/site\/wp-json\/wp\/v2\/comments?post=25223"}],"version-history":[{"count":1,"href":"https:\/\/christusnews.de\/site\/wp-json\/wp\/v2\/posts\/25223\/revisions"}],"predecessor-version":[{"id":25224,"href":"https:\/\/christusnews.de\/site\/wp-json\/wp\/v2\/posts\/25223\/revisions\/25224"}],"wp:attachment":[{"href":"https:\/\/christusnews.de\/site\/wp-json\/wp\/v2\/media?parent=25223"}],"wp:term":[{"taxonomy":"category","embeddable":true,"href":"https:\/\/christusnews.de\/site\/wp-json\/wp\/v2\/categories?post=25223"},{"taxonomy":"post_tag","embeddable":true,"href":"https:\/\/christusnews.de\/site\/wp-json\/wp\/v2\/tags?post=25223"}],"curies":[{"name":"wp","href":"https:\/\/api.w.org\/{rel}","templated":true}]}}