{"id":25225,"date":"2023-09-26T07:50:00","date_gmt":"2023-09-26T05:50:00","guid":{"rendered":"https:\/\/christusnews.de\/site\/kirche-zu-erntedank-ein-tag-auch-fuer-solidaritaet\/"},"modified":"2023-09-27T11:18:01","modified_gmt":"2023-09-27T09:18:01","slug":"kirche-zu-erntedank-ein-tag-auch-fuer-solidaritaet","status":"publish","type":"post","link":"https:\/\/christusnews.de\/site\/kirche-zu-erntedank-ein-tag-auch-fuer-solidaritaet\/","title":{"rendered":"Kirche zu Erntedank: Ein Tag auch f\u00fcr Solidarit\u00e4t"},"content":{"rendered":"<p class=\"MsoPlainText\">Bremen (epd). Das Erntedankfest am kommenden Sonntag (1. Oktober) ist nach den Worten der Bremer Kirchensprecherin Sabine Hatscher ein Tag f\u00fcr Dank und Solidarit\u00e4t. \u00abGott f\u00fcr die Ernte zu danken, geh\u00f6rte zu allen Zeiten zu den religi\u00f6sen Grundbed\u00fcrfnissen\u00bb, sagte Hatscher am Dienstag. Mit der Bitte des Vaterunsers \u00abUnser t\u00e4gliches Brot gib uns heute\u00bb werde gleichzeitig an die katastrophale Ern\u00e4hrungssituation in den \u00e4rmsten L\u00e4ndern der Erde erinnert.<\/p>\n<p class=\"MsoPlainText\">&nbsp;<\/p>\n<p class=\"MsoPlainText\">\u00abIm christlichen Glauben geh\u00f6ren das Danken und Teilen zusammen\u00bb, bekr\u00e4ftigte die Sprecherin der Bremischen Evangelischen Kirche. Dies gelte sowohl global als auch vor der eigenen Haust\u00fcr, \u00absowohl f\u00fcr die Politik, als auch f\u00fcr jede und jeden Einzelnen\u00bb. Angesichts der von Menschen verursachten Umweltprobleme spielten zu Erntedank heutzutage die Themen Ressourcen, Tier- und Umweltschutz, Gentechnik und Verschwendung von Lebensmitteln sowie globale Klimagerechtigkeit eine wichtige Rolle.<\/p>\n<p class=\"MsoPlainText\">&nbsp;<\/p>\n<p class=\"MsoPlainText\">Kirchengemeinden in ganz Deutschland feiern um den 1. Oktober herum das Erntedankfest. In Gottesdiensten bedanken sich die Gl\u00e4ubigen f\u00fcr die Ernte eines Jahres und erinnern damit an die Verbindung von Mensch und Sch\u00f6pfung. Die Alt\u00e4re werden in den Kirchen mit Feldfr\u00fcchten geschm\u00fcckt. \u00abAuch Kindern soll das Erntedankfest Natur und Jahreslauf sowie die Herkunft ihrer Nahrung bewusst machen\u00bb, erg\u00e4nzte Hatscher.<\/p>\n<p>Kirche-Oldenburg<br \/>\n<a href=\"https:\/\/www.kirche-oldenburg.de\/\/aktuell\/news-niedersachsen\/artikel\/kirche-zu-erntedank-ein-tag-auch-fuer-solidaritaet\" target=\"_blank\" rel=\"noopener\">Kirche zu Erntedank: Ein Tag auch f\u00fcr Solidarit\u00e4t<\/a><\/p>\n","protected":false},"excerpt":{"rendered":"<p>Bremen (epd). Das Erntedankfest am kommenden Sonntag (1. Oktober) ist nach den Worten der Bremer Kirchensprecherin Sabine Hatscher ein Tag f\u00fcr Dank und Solidarit\u00e4t. \u00abGott f\u00fcr die Ernte zu danken, geh\u00f6rte zu allen Zeiten zu den religi\u00f6sen Grundbed\u00fcrfnissen\u00bb, sagte Hatscher am Dienstag. Mit der Bitte des Vaterunsers \u00abUnser t\u00e4gliches Brot gib uns heute\u00bb werde gleichzeitig an die katastrophale Ern\u00e4hrungssituation in den \u00e4rmsten L\u00e4ndern der Erde erinnert. &nbsp; \u00abIm christlichen Glauben geh\u00f6ren das Danken und Teilen zusammen\u00bb, bekr\u00e4ftigte die Sprecherin der Bremischen Evangelischen Kirche. Dies gelte sowohl global als auch vor der eigenen Haust\u00fcr, \u00absowohl f\u00fcr die Politik, als auch f\u00fcr&#8230;<\/p>\n","protected":false},"author":7,"featured_media":0,"comment_status":"false","ping_status":"open","sticky":false,"template":"","format":"standard","meta":{"footnotes":""},"categories":[43],"tags":[44],"class_list":["post-25225","post","type-post","status-publish","format-standard","hentry","category-kirche-oldenburg","tag-kirche-oldenburg"],"_links":{"self":[{"href":"https:\/\/christusnews.de\/site\/wp-json\/wp\/v2\/posts\/25225","targetHints":{"allow":["GET"]}}],"collection":[{"href":"https:\/\/christusnews.de\/site\/wp-json\/wp\/v2\/posts"}],"about":[{"href":"https:\/\/christusnews.de\/site\/wp-json\/wp\/v2\/types\/post"}],"author":[{"embeddable":true,"href":"https:\/\/christusnews.de\/site\/wp-json\/wp\/v2\/users\/7"}],"replies":[{"embeddable":true,"href":"https:\/\/christusnews.de\/site\/wp-json\/wp\/v2\/comments?post=25225"}],"version-history":[{"count":1,"href":"https:\/\/christusnews.de\/site\/wp-json\/wp\/v2\/posts\/25225\/revisions"}],"predecessor-version":[{"id":25226,"href":"https:\/\/christusnews.de\/site\/wp-json\/wp\/v2\/posts\/25225\/revisions\/25226"}],"wp:attachment":[{"href":"https:\/\/christusnews.de\/site\/wp-json\/wp\/v2\/media?parent=25225"}],"wp:term":[{"taxonomy":"category","embeddable":true,"href":"https:\/\/christusnews.de\/site\/wp-json\/wp\/v2\/categories?post=25225"},{"taxonomy":"post_tag","embeddable":true,"href":"https:\/\/christusnews.de\/site\/wp-json\/wp\/v2\/tags?post=25225"}],"curies":[{"name":"wp","href":"https:\/\/api.w.org\/{rel}","templated":true}]}}