{"id":25234,"date":"2023-09-28T08:17:00","date_gmt":"2023-09-28T06:17:00","guid":{"rendered":"https:\/\/christusnews.de\/site\/klimawandel-macht-zugvoegeln-zu-schaffen\/"},"modified":"2023-09-29T11:17:28","modified_gmt":"2023-09-29T09:17:28","slug":"klimawandel-macht-zugvoegeln-zu-schaffen","status":"publish","type":"post","link":"https:\/\/christusnews.de\/site\/klimawandel-macht-zugvoegeln-zu-schaffen\/","title":{"rendered":"Klimawandel macht Zugv\u00f6geln zu schaffen"},"content":{"rendered":"<p class=\"MsoPlainText\">Oldenburg (epd). Millionen Zugv\u00f6gel machen derzeit wieder Rast im Weltnaturerbe Wattenmeer, um sich f\u00fcr ihre oft 10.000 Kilometer lange Reise von der Arktis bis in die afrikanischen Winterquartiere zu st\u00e4rken. Die Nationalparkverwaltung Wattenmeer l\u00e4dt in diesem Jahr vom 14. bis zum 22. Oktober dazu ein, dieses Naturschauspiel zu beobachten, sagte der Leiter der Nationalparkverwaltung Nieders\u00e4chsisches Wattenmeer, Peter S\u00fcdbeck, am Donnerstag in Oldenburg. Zentrales Thema der 15. Zugvogeltage sind die Auswirkungen des Klimawandels.<\/p>\n<p class=\"MsoPlainText\">&nbsp;<\/p>\n<p class=\"MsoPlainText\">Mehr als 260 Einzelveranstaltungen seien in diesem Jahr zwischen Borkum und Wangerooge und auf dem Festland zwischen dem Dollart und der Unterelbe geplant. Das Spektrum reiche von Beobachtungsstationen mit fachkundigen Beratern bis hin zu Exkursionen, Vortr\u00e4gen und zahlreichen kulinarischen und kulturellen Angeboten, sagte S\u00fcdbeck. Partnerl\u00e4nder seien dieses Mal die Niederlande und D\u00e4nemark, denn das Wattenmeer der Nordsee reiche von Den Helder bis nach Esbjerg.<\/p>\n<p class=\"MsoPlainText\">&nbsp;<\/p>\n<p class=\"MsoPlainText\">Titelvogel in diesem Jahr ist laut S\u00fcdbeck der L\u00f6ffler. Der Vogel mit seinem charakteristischen Schnabel in Form eines abgeflachten L\u00f6ffels verdeutliche die sich anbahnenden Probleme durch den Klimawandel. \u00abDer Klimawandel zeigt sich in seinen arktischen Brutgebieten viel deutlicher als in seinen afrikanischen Winterquartieren.\u00bb<\/p>\n<p class=\"MsoPlainText\">&nbsp;<\/p>\n<p class=\"MsoPlainText\">Weil es in der Arktis fr\u00fcher warm werde, schl\u00fcpften dort die M\u00fccken inzwischen einige Tage bis Wochen fr\u00fcher. Die Insekten bildeten mit die wichtigste Nahrungsquelle f\u00fcr die Jungv\u00f6gel, erl\u00e4uterte S\u00fcdbeck. Bis diese jedoch aus ihren Eiern schl\u00fcpften, seien die meisten M\u00fccken wieder verschwunden. Dadurch gebe es weniger Futter und die V\u00f6gel blieben kleiner als in fr\u00fcheren Jahrzehnten. Auch ihr Schnabel pr\u00e4ge sich weniger stark aus. In der Folge h\u00e4tten die L\u00f6ffler Probleme, in den afrikanischen K\u00fcstengebieten ihre dortige Hauptnahrung &#8211; Muscheln &#8211; zu fressen.<\/p>\n<p>Kirche-Oldenburg<br \/>\n<a href=\"https:\/\/www.kirche-oldenburg.de\/\/aktuell\/news-niedersachsen\/artikel\/klimawandel-macht-zugvoegeln-zu-schaffen\" target=\"_blank\" rel=\"noopener\">Klimawandel macht Zugv\u00f6geln zu schaffen<\/a><\/p>\n","protected":false},"excerpt":{"rendered":"<p>Oldenburg (epd). Millionen Zugv\u00f6gel machen derzeit wieder Rast im Weltnaturerbe Wattenmeer, um sich f\u00fcr ihre oft 10.000 Kilometer lange Reise von der Arktis bis in die afrikanischen Winterquartiere zu st\u00e4rken. Die Nationalparkverwaltung Wattenmeer l\u00e4dt in diesem Jahr vom 14. bis zum 22. Oktober dazu ein, dieses Naturschauspiel zu beobachten, sagte der Leiter der Nationalparkverwaltung Nieders\u00e4chsisches Wattenmeer, Peter S\u00fcdbeck, am Donnerstag in Oldenburg. Zentrales Thema der 15. Zugvogeltage sind die Auswirkungen des Klimawandels. &nbsp; Mehr als 260 Einzelveranstaltungen seien in diesem Jahr zwischen Borkum und Wangerooge und auf dem Festland zwischen dem Dollart und der Unterelbe geplant. Das Spektrum reiche von&#8230;<\/p>\n","protected":false},"author":7,"featured_media":0,"comment_status":"false","ping_status":"open","sticky":false,"template":"","format":"standard","meta":{"footnotes":""},"categories":[43],"tags":[44],"class_list":["post-25234","post","type-post","status-publish","format-standard","hentry","category-kirche-oldenburg","tag-kirche-oldenburg"],"_links":{"self":[{"href":"https:\/\/christusnews.de\/site\/wp-json\/wp\/v2\/posts\/25234","targetHints":{"allow":["GET"]}}],"collection":[{"href":"https:\/\/christusnews.de\/site\/wp-json\/wp\/v2\/posts"}],"about":[{"href":"https:\/\/christusnews.de\/site\/wp-json\/wp\/v2\/types\/post"}],"author":[{"embeddable":true,"href":"https:\/\/christusnews.de\/site\/wp-json\/wp\/v2\/users\/7"}],"replies":[{"embeddable":true,"href":"https:\/\/christusnews.de\/site\/wp-json\/wp\/v2\/comments?post=25234"}],"version-history":[{"count":1,"href":"https:\/\/christusnews.de\/site\/wp-json\/wp\/v2\/posts\/25234\/revisions"}],"predecessor-version":[{"id":25235,"href":"https:\/\/christusnews.de\/site\/wp-json\/wp\/v2\/posts\/25234\/revisions\/25235"}],"wp:attachment":[{"href":"https:\/\/christusnews.de\/site\/wp-json\/wp\/v2\/media?parent=25234"}],"wp:term":[{"taxonomy":"category","embeddable":true,"href":"https:\/\/christusnews.de\/site\/wp-json\/wp\/v2\/categories?post=25234"},{"taxonomy":"post_tag","embeddable":true,"href":"https:\/\/christusnews.de\/site\/wp-json\/wp\/v2\/tags?post=25234"}],"curies":[{"name":"wp","href":"https:\/\/api.w.org\/{rel}","templated":true}]}}