{"id":25236,"date":"2023-09-28T08:15:00","date_gmt":"2023-09-28T06:15:00","guid":{"rendered":"https:\/\/christusnews.de\/site\/visaprobleme-freiwilliger-auswaertiges-amt-spricht-von-engpaessen\/"},"modified":"2023-09-29T11:17:28","modified_gmt":"2023-09-29T09:17:28","slug":"visaprobleme-freiwilliger-auswaertiges-amt-spricht-von-engpaessen","status":"publish","type":"post","link":"https:\/\/christusnews.de\/site\/visaprobleme-freiwilliger-auswaertiges-amt-spricht-von-engpaessen\/","title":{"rendered":"Visaprobleme Freiwilliger: Ausw\u00e4rtiges Amt spricht von Engp\u00e4ssen"},"content":{"rendered":"<p class=\"MsoPlainText\">Berlin\/Bremen (epd). Das Ausw\u00e4rtige Amt hat Probleme bei der Vergabe von Visa f\u00fcr Freiwillige aus dem globalen S\u00fcden f\u00fcr die Einreise nach Deutschland einger\u00e4umt. \u00abLeider herrscht an einigen wenigen Auslandsvertretungen eine besonders schwierige Terminsituation\u00bb, hei\u00dft es dazu auf Anfrage des Evangelischen Pressedienstes (epd) aus dem Ausw\u00e4rtigen Amt. Die Engp\u00e4sse seien auf eine enorm hohe Nachfrage nach Visa f\u00fcr langfristige Aufenthalte zur\u00fcckzuf\u00fchren. Das wirke sich aufgrund von \u00abendlichen Personalkapazit\u00e4ten\u00bb auch auf die Antragsverfahren f\u00fcr kurzfristige Visa aus.<\/p>\n<p class=\"MsoPlainText\">&nbsp;<\/p>\n<p class=\"MsoPlainText\">Missionswerke wie die Norddeutsche Mission in Bremen und landeskirchliche Entwicklungsdienste hatten kritisiert, dass es bei der Visavergabe seit einiger Zeit zunehmend Verz\u00f6gerungen oder komplette Ablehnungen durch deutsche Botschaften gibt. Hinweise etwa auf die Funktion der Antragstellenden als Delegierte oder auf die geplante Teilnahme am vom Bund gef\u00f6rderten \u00abweltw\u00e4rts\u00bb-Programm seien von der Konsularsektion der Botschaften in Ghana und in Togo als unerw\u00fcnscht zur\u00fcckgespiegelt worden, berichtete die Generalsekret\u00e4rin der Norddeutschen Mission, Heike Jakubeit.<\/p>\n<p class=\"MsoPlainText\">&nbsp;<\/p>\n<p class=\"MsoPlainText\">Der scheidende nieders\u00e4chsische Missionsdirektor Michael Thiel mutma\u00dfte, ein Hintergrund k\u00f6nnte sein, dass deutsche Beh\u00f6rden f\u00fcrchteten, Menschen wollten \u00fcber die Freiwilligenarbeit dauerhaft ins Land gelangen. Aus dem Ausw\u00e4rtigen Amt hie\u00df es dazu, die Entscheidung \u00fcber eine Visumvergabe erfolge allein auf Grundlage rechtlicher Vorgaben. In diesem Zusammenhang habe es Anfang des Jahres auch ein Arbeitstreffen zwischen dem Ausw\u00e4rtigen Amt und mehreren religi\u00f6sen und weltanschaulichen Organisationen gegeben.<\/p>\n<p class=\"MsoPlainText\">&nbsp;<\/p>\n<p class=\"MsoPlainText\">Bei dem Termin sei die Frage er\u00f6rtert worden, wie in den f\u00fcr die Einreise nach Deutschland erforderlichen Schengen-Visumverfahren die verbindlich zu pr\u00fcfende R\u00fcckkehrbereitschaft der zumeist noch jungen Teilnehmerinnen und Teilnehmer nachvollziehbar dargelegt werden k\u00f6nne. Im Nachgang zu dem Treffen habe das Ausw\u00e4rtige Amt mit einem speziellen Merkblatt auf den Rechtsrahmen hingewiesen, der durch das EU-Recht vorgegeben werde.<\/p>\n<p class=\"MsoPlainText\">&nbsp;<\/p>\n<p class=\"MsoPlainText\">\u00abDem Ausw\u00e4rtigen Amt ist die belastende Situation, die mit der Terminvergabe f\u00fcr Visa verbunden sein kann, bewusst\u00bb, hie\u00df es weiter. Es seien zahlreiche Ma\u00dfnahmen eingeleitet worden, um die Situation zu verbessern. So seien \u00abwo immer m\u00f6glich\u00bb die Annahmekapazit\u00e4ten durch externe Dienstleister erh\u00f6ht worden.<\/p>\n<p>Kirche-Oldenburg<br \/>\n<a href=\"https:\/\/www.kirche-oldenburg.de\/\/aktuell\/news-niedersachsen\/artikel\/visaprobleme-freiwilliger-auswaertiges-amt-spricht-von-engpaessen\" target=\"_blank\" rel=\"noopener\">Visaprobleme Freiwilliger: Ausw\u00e4rtiges Amt spricht von Engp\u00e4ssen<\/a><\/p>\n","protected":false},"excerpt":{"rendered":"<p>Berlin\/Bremen (epd). Das Ausw\u00e4rtige Amt hat Probleme bei der Vergabe von Visa f\u00fcr Freiwillige aus dem globalen S\u00fcden f\u00fcr die Einreise nach Deutschland einger\u00e4umt. \u00abLeider herrscht an einigen wenigen Auslandsvertretungen eine besonders schwierige Terminsituation\u00bb, hei\u00dft es dazu auf Anfrage des Evangelischen Pressedienstes (epd) aus dem Ausw\u00e4rtigen Amt. Die Engp\u00e4sse seien auf eine enorm hohe Nachfrage nach Visa f\u00fcr langfristige Aufenthalte zur\u00fcckzuf\u00fchren. Das wirke sich aufgrund von \u00abendlichen Personalkapazit\u00e4ten\u00bb auch auf die Antragsverfahren f\u00fcr kurzfristige Visa aus. &nbsp; Missionswerke wie die Norddeutsche Mission in Bremen und landeskirchliche Entwicklungsdienste hatten kritisiert, dass es bei der Visavergabe seit einiger Zeit zunehmend Verz\u00f6gerungen oder&#8230;<\/p>\n","protected":false},"author":7,"featured_media":0,"comment_status":"false","ping_status":"open","sticky":false,"template":"","format":"standard","meta":{"footnotes":""},"categories":[43],"tags":[44],"class_list":["post-25236","post","type-post","status-publish","format-standard","hentry","category-kirche-oldenburg","tag-kirche-oldenburg"],"_links":{"self":[{"href":"https:\/\/christusnews.de\/site\/wp-json\/wp\/v2\/posts\/25236","targetHints":{"allow":["GET"]}}],"collection":[{"href":"https:\/\/christusnews.de\/site\/wp-json\/wp\/v2\/posts"}],"about":[{"href":"https:\/\/christusnews.de\/site\/wp-json\/wp\/v2\/types\/post"}],"author":[{"embeddable":true,"href":"https:\/\/christusnews.de\/site\/wp-json\/wp\/v2\/users\/7"}],"replies":[{"embeddable":true,"href":"https:\/\/christusnews.de\/site\/wp-json\/wp\/v2\/comments?post=25236"}],"version-history":[{"count":1,"href":"https:\/\/christusnews.de\/site\/wp-json\/wp\/v2\/posts\/25236\/revisions"}],"predecessor-version":[{"id":25237,"href":"https:\/\/christusnews.de\/site\/wp-json\/wp\/v2\/posts\/25236\/revisions\/25237"}],"wp:attachment":[{"href":"https:\/\/christusnews.de\/site\/wp-json\/wp\/v2\/media?parent=25236"}],"wp:term":[{"taxonomy":"category","embeddable":true,"href":"https:\/\/christusnews.de\/site\/wp-json\/wp\/v2\/categories?post=25236"},{"taxonomy":"post_tag","embeddable":true,"href":"https:\/\/christusnews.de\/site\/wp-json\/wp\/v2\/tags?post=25236"}],"curies":[{"name":"wp","href":"https:\/\/api.w.org\/{rel}","templated":true}]}}