{"id":25245,"date":"2023-10-01T11:16:00","date_gmt":"2023-10-01T09:16:00","guid":{"rendered":"https:\/\/christusnews.de\/site\/landesbischof-meyns-merz-aeusserungen-ist-unertraeglich\/"},"modified":"2023-10-02T11:20:41","modified_gmt":"2023-10-02T09:20:41","slug":"landesbischof-meyns-merz-aeusserungen-ist-unertraeglich","status":"publish","type":"post","link":"https:\/\/christusnews.de\/site\/landesbischof-meyns-merz-aeusserungen-ist-unertraeglich\/","title":{"rendered":"Landesbischof Meyns: Merz-\u00c4u\u00dferungen ist unertr\u00e4glich"},"content":{"rendered":"<p class=\"MsoPlainText\">Braunschweig (epd). Der braunschweigische Landesbischof Christoph Meyns hat die \u00c4u\u00dferungen des CDU-Vorsitzenden Friedrich Merz zur Zahnbehandlung von Fl\u00fcchtlingen in Deutschland scharf kritisiert.&nbsp;\u00abDas ist unertr\u00e4glich\u00bb, sagte er am Sonntag in einem Erntedankgottesdienst im Braunschweiger Dom. Merz f\u00f6rdere damit eine Haltung, die auf der Grundlage von Vorurteilen dazu diene, sich selbst auf- und andere abzuwerten. Damit \u00fcbernehme er den Politikstil der AfD und anderer rechtspopulistischer Bewegungen.<\/p>\n<p class=\"MsoPlainText\">&nbsp;<\/p>\n<p class=\"MsoPlainText\">Vom Vorsitzenden einer Partei, die das Christliche in ihrem Namen tr\u00e4gt, sei Anderes zu erwarten, betonte Meyns. N\u00f6tig sei eine sachliche Diskussion, um L\u00f6sungen zu finden f\u00fcr die gro\u00dfen Herausforderungen im Umgang mit Gefl\u00fcchteten und Migranten, und keine Beitr\u00e4ge, die Angst und Neid auf der Grundlage von Unwahrheiten sch\u00fcren.<\/p>\n<p class=\"MsoPlainText\">&nbsp;<\/p>\n<p class=\"MsoPlainText\">Der Landesbischof bezog sich in seiner Predigt auf die biblische Geschichte von der Brotvermehrung. Sie mache die \u00abGrundbewegung Jesu\u00bb deutlich. Diese sei nicht von der Angst um sich selbst gekennzeichnet, sondern \u00f6ffne sich und \u00fcberschreite Grenzen: \u00abSie teilt, was sie hat.\u00bb<\/p>\n<p>Kirche-Oldenburg<br \/>\n<a href=\"https:\/\/www.kirche-oldenburg.de\/\/aktuell\/news-niedersachsen\/artikel\/landesbischof-meyns-merz-aeusserungen-ist-unertraeglich\" target=\"_blank\" rel=\"noopener\">Landesbischof Meyns: Merz-\u00c4u\u00dferungen ist unertr\u00e4glich<\/a><\/p>\n","protected":false},"excerpt":{"rendered":"<p>Braunschweig (epd). Der braunschweigische Landesbischof Christoph Meyns hat die \u00c4u\u00dferungen des CDU-Vorsitzenden Friedrich Merz zur Zahnbehandlung von Fl\u00fcchtlingen in Deutschland scharf kritisiert.&nbsp;\u00abDas ist unertr\u00e4glich\u00bb, sagte er am Sonntag in einem Erntedankgottesdienst im Braunschweiger Dom. Merz f\u00f6rdere damit eine Haltung, die auf der Grundlage von Vorurteilen dazu diene, sich selbst auf- und andere abzuwerten. Damit \u00fcbernehme er den Politikstil der AfD und anderer rechtspopulistischer Bewegungen. &nbsp; Vom Vorsitzenden einer Partei, die das Christliche in ihrem Namen tr\u00e4gt, sei Anderes zu erwarten, betonte Meyns. N\u00f6tig sei eine sachliche Diskussion, um L\u00f6sungen zu finden f\u00fcr die gro\u00dfen Herausforderungen im Umgang mit Gefl\u00fcchteten und&#8230;<\/p>\n","protected":false},"author":7,"featured_media":0,"comment_status":"false","ping_status":"open","sticky":false,"template":"","format":"standard","meta":{"footnotes":""},"categories":[43],"tags":[44],"class_list":["post-25245","post","type-post","status-publish","format-standard","hentry","category-kirche-oldenburg","tag-kirche-oldenburg"],"_links":{"self":[{"href":"https:\/\/christusnews.de\/site\/wp-json\/wp\/v2\/posts\/25245","targetHints":{"allow":["GET"]}}],"collection":[{"href":"https:\/\/christusnews.de\/site\/wp-json\/wp\/v2\/posts"}],"about":[{"href":"https:\/\/christusnews.de\/site\/wp-json\/wp\/v2\/types\/post"}],"author":[{"embeddable":true,"href":"https:\/\/christusnews.de\/site\/wp-json\/wp\/v2\/users\/7"}],"replies":[{"embeddable":true,"href":"https:\/\/christusnews.de\/site\/wp-json\/wp\/v2\/comments?post=25245"}],"version-history":[{"count":1,"href":"https:\/\/christusnews.de\/site\/wp-json\/wp\/v2\/posts\/25245\/revisions"}],"predecessor-version":[{"id":25246,"href":"https:\/\/christusnews.de\/site\/wp-json\/wp\/v2\/posts\/25245\/revisions\/25246"}],"wp:attachment":[{"href":"https:\/\/christusnews.de\/site\/wp-json\/wp\/v2\/media?parent=25245"}],"wp:term":[{"taxonomy":"category","embeddable":true,"href":"https:\/\/christusnews.de\/site\/wp-json\/wp\/v2\/categories?post=25245"},{"taxonomy":"post_tag","embeddable":true,"href":"https:\/\/christusnews.de\/site\/wp-json\/wp\/v2\/tags?post=25245"}],"curies":[{"name":"wp","href":"https:\/\/api.w.org\/{rel}","templated":true}]}}