{"id":25247,"date":"2023-09-30T10:57:00","date_gmt":"2023-09-30T08:57:00","guid":{"rendered":"https:\/\/christusnews.de\/site\/kirchenpraesidentin-warnt-rassismus-ist-wieder-salonfaehig\/"},"modified":"2023-10-02T11:20:41","modified_gmt":"2023-10-02T09:20:41","slug":"kirchenpraesidentin-warnt-rassismus-ist-wieder-salonfaehig","status":"publish","type":"post","link":"https:\/\/christusnews.de\/site\/kirchenpraesidentin-warnt-rassismus-ist-wieder-salonfaehig\/","title":{"rendered":"Kirchenpr\u00e4sidentin warnt: Rassismus ist wieder salonf\u00e4hig"},"content":{"rendered":"<p class=\"MsoPlainText\">Leer (epd). Die Kirchenpr\u00e4sidentin der Evangelisch-reformierten Kirche, Susanne Bei der Wieden, warnt zum Tag der Deutschen Einheit am 3. Oktober vor einer neuen Spaltung der Gesellschaft. Immer \u00f6fter w\u00fcrde zwischen den Interessen des sogenannten deutschen B\u00fcrgers und denen anderer Bev\u00f6lkerungsgruppen unterschieden. Ein l\u00e4ngst \u00fcberwunden geglaubtes \u00dcberlegenheitsdenken erhalte so neue Nahrung.&nbsp;\u00abRassismus und Diskriminierung werden wieder salonf\u00e4hig. Dem m\u00fcssen wir alle entschieden entgegentreten &#8211; aus Liebe zu unserem Land und unserer Heimat\u00bb, sagte die Theologin in Leer dem Evangelischen Pressedienst (epd).<\/p>\n<p class=\"MsoPlainText\">&nbsp;<\/p>\n<p class=\"MsoPlainText\">Der 3. Oktober sei f\u00fcr sie ein Tag der Freude und der Dankbarkeit. \u00abIch habe noch immer G\u00e4nsehaut, wenn ich an die Bilder vom Fall der Mauer denke und an die Begegnungen zwischen Menschen aus dem Osten und Westen Deutschlands\u00bb, sagte Bei der Wieden. Heute sehe sie die Einheit \u00abgef\u00e4hrdet durch Menschen und Gruppierungen in unserem Land, die die Grundlagen eines demokratischen Rechtsstaates immer lauter infrage stellen oder diskreditieren.\u00bb<\/p>\n<p class=\"MsoPlainText\">&nbsp;<\/p>\n<p class=\"MsoPlainText\">Dies werde in der aktuellen Debatte um die Eingrenzung der Migration deutlich: \u00abMich besorgt, wie abwertend oder gar feindlich in Politik und Gesellschaft von Menschen gesprochen wird, die bei uns Schutz suchen &#8211; \u00e4hnlich wie auch von Angeh\u00f6rigen der LGBTQ+ Community.\u00bb Rechte Gruppierungen zeichneten das Bild, Scharen fremdl\u00e4ndischer Menschen k\u00e4men mit dem Ziel, die deutsche Kultur zu zersetzen.<\/p>\n<p class=\"MsoPlainText\">&nbsp;<\/p>\n<p class=\"MsoPlainText\">Zunehmend gelangten rhetorische Figuren dieses Denkens in die Sprache. \u00abAuch eine Gegen\u00fcberstellung von &#8216;denen&#8217; und &#8216;deutschen B\u00fcrgern&#8217; ist braune Spreche. Sie gie\u00dft \u00d6l ins Feuer einer durch viele Faktoren aufgeladenen Spannung in der Gesellschaft. Sie bedient die platten Klischees derer, die einer offenen Gesellschaft misstrauen und Minderheiten ausgrenzen\u00bb, warnte die Theologin.<\/p>\n<p class=\"MsoPlainText\">&nbsp;<\/p>\n<p class=\"MsoPlainText\">Auch die Rede vom \u00abchristlichen Abendland\u00bb werde f\u00fcr solche Zwecke vereinnahmt. \u00abDemokratie und Menschenrechte, das Wissen um die unantastbare W\u00fcrde jedes Einzelnen sind die s\u00fc\u00dfesten Fr\u00fcchte des christlichen Abendlandes\u00bb, betonte Bei der Wieden.<\/p>\n<p class=\"MsoPlainText\">&nbsp;<\/p>\n<p class=\"MsoPlainText\">Die deutsche Geschichte nach 1949 sei in vielen Bereichen ein Vorbild daf\u00fcr, welchen Segen und welchen Wohlstand diese Werte mit sich br\u00e4chten. Die Aufarbeitung der NS-Zeit und ganz besonders das mutige Eintreten f\u00fcr einen demokratischen Umbruch in der ehemaligen DDR seien Meilensteine auf diesem Weg. \u00abWir m\u00fcssen alles daran setzen, uns diesen Schatz zu erhalten.\u00bb<\/p>\n<p>Kirche-Oldenburg<br \/>\n<a href=\"https:\/\/www.kirche-oldenburg.de\/\/aktuell\/news-niedersachsen\/artikel\/kirchenpraesidentin-warnt-rassismus-ist-wieder-salonfaehig\" target=\"_blank\" rel=\"noopener\">Kirchenpr\u00e4sidentin warnt: Rassismus ist wieder salonf\u00e4hig<\/a><\/p>\n","protected":false},"excerpt":{"rendered":"<p>Leer (epd). Die Kirchenpr\u00e4sidentin der Evangelisch-reformierten Kirche, Susanne Bei der Wieden, warnt zum Tag der Deutschen Einheit am 3. Oktober vor einer neuen Spaltung der Gesellschaft. Immer \u00f6fter w\u00fcrde zwischen den Interessen des sogenannten deutschen B\u00fcrgers und denen anderer Bev\u00f6lkerungsgruppen unterschieden. Ein l\u00e4ngst \u00fcberwunden geglaubtes \u00dcberlegenheitsdenken erhalte so neue Nahrung.&nbsp;\u00abRassismus und Diskriminierung werden wieder salonf\u00e4hig. Dem m\u00fcssen wir alle entschieden entgegentreten &#8211; aus Liebe zu unserem Land und unserer Heimat\u00bb, sagte die Theologin in Leer dem Evangelischen Pressedienst (epd). &nbsp; Der 3. Oktober sei f\u00fcr sie ein Tag der Freude und der Dankbarkeit. \u00abIch habe noch immer G\u00e4nsehaut, wenn ich&#8230;<\/p>\n","protected":false},"author":7,"featured_media":0,"comment_status":"false","ping_status":"open","sticky":false,"template":"","format":"standard","meta":{"footnotes":""},"categories":[43],"tags":[44],"class_list":["post-25247","post","type-post","status-publish","format-standard","hentry","category-kirche-oldenburg","tag-kirche-oldenburg"],"_links":{"self":[{"href":"https:\/\/christusnews.de\/site\/wp-json\/wp\/v2\/posts\/25247","targetHints":{"allow":["GET"]}}],"collection":[{"href":"https:\/\/christusnews.de\/site\/wp-json\/wp\/v2\/posts"}],"about":[{"href":"https:\/\/christusnews.de\/site\/wp-json\/wp\/v2\/types\/post"}],"author":[{"embeddable":true,"href":"https:\/\/christusnews.de\/site\/wp-json\/wp\/v2\/users\/7"}],"replies":[{"embeddable":true,"href":"https:\/\/christusnews.de\/site\/wp-json\/wp\/v2\/comments?post=25247"}],"version-history":[{"count":1,"href":"https:\/\/christusnews.de\/site\/wp-json\/wp\/v2\/posts\/25247\/revisions"}],"predecessor-version":[{"id":25248,"href":"https:\/\/christusnews.de\/site\/wp-json\/wp\/v2\/posts\/25247\/revisions\/25248"}],"wp:attachment":[{"href":"https:\/\/christusnews.de\/site\/wp-json\/wp\/v2\/media?parent=25247"}],"wp:term":[{"taxonomy":"category","embeddable":true,"href":"https:\/\/christusnews.de\/site\/wp-json\/wp\/v2\/categories?post=25247"},{"taxonomy":"post_tag","embeddable":true,"href":"https:\/\/christusnews.de\/site\/wp-json\/wp\/v2\/tags?post=25247"}],"curies":[{"name":"wp","href":"https:\/\/api.w.org\/{rel}","templated":true}]}}