{"id":25251,"date":"2023-09-29T10:55:00","date_gmt":"2023-09-29T08:55:00","guid":{"rendered":"https:\/\/christusnews.de\/site\/evangelische-akademie-loccum-mit-neuem-geschaeftsfuehrer\/"},"modified":"2023-10-02T11:20:43","modified_gmt":"2023-10-02T09:20:43","slug":"evangelische-akademie-loccum-mit-neuem-geschaeftsfuehrer","status":"publish","type":"post","link":"https:\/\/christusnews.de\/site\/evangelische-akademie-loccum-mit-neuem-geschaeftsfuehrer\/","title":{"rendered":"Evangelische Akademie Loccum mit neuem Gesch\u00e4ftsf\u00fchrer"},"content":{"rendered":"<p class=\"MsoPlainText\">Loccum (epd). Der geb\u00fcrtige Berliner Jens R\u00f6\u00dfler ist neuer Gesch\u00e4ftsf\u00fchrer der Evangelischen Akademie Loccum. Er \u00fcbernahm das Amt von seiner Vorg\u00e4ngerin Judy Grothe bereits zum 1. August wie die Akademie am Freitag mitteilte. Der 52-j\u00e4hrige Betriebswirt war zuletzt als Gesch\u00e4ftsf\u00fchrer f\u00fcr den Evangelisch-lutherischen Kindertagesst\u00e4ttenverband Cuxhaven t\u00e4tig. Davor hatte er die Gesch\u00e4ftsf\u00fchrung in wechselnden Unternehmen vor allem aus dem Hotel- und Gastst\u00e4ttengewerbe inne.<\/p>\n<p class=\"MsoPlainText\">&nbsp;<\/p>\n<p class=\"MsoPlainText\">Die kommissarische Leiterin der Akademie, Andrea Grimm, sagte zur Neubesetzung der Gesch\u00e4ftsf\u00fchrung: \u00abWir haben mit Jens R\u00f6\u00dfler einen hochkompetenten Kollegen f\u00fcr die wichtige Position der Gesch\u00e4ftsf\u00fchrung gefunden. Das gesamte Kollegium der Akademie freut sich auf die Zusammenarbeit.\u00bb<\/p>\n<p>Kirche-Oldenburg<br \/>\n<a href=\"https:\/\/www.kirche-oldenburg.de\/\/aktuell\/news-niedersachsen\/artikel\/evangelische-akademie-loccum-mit-neuem-geschaeftsfuehrer\" target=\"_blank\" rel=\"noopener\">Evangelische Akademie Loccum mit neuem Gesch\u00e4ftsf\u00fchrer<\/a><\/p>\n","protected":false},"excerpt":{"rendered":"<p>Loccum (epd). Der geb\u00fcrtige Berliner Jens R\u00f6\u00dfler ist neuer Gesch\u00e4ftsf\u00fchrer der Evangelischen Akademie Loccum. Er \u00fcbernahm das Amt von seiner Vorg\u00e4ngerin Judy Grothe bereits zum 1. August wie die Akademie am Freitag mitteilte. Der 52-j\u00e4hrige Betriebswirt war zuletzt als Gesch\u00e4ftsf\u00fchrer f\u00fcr den Evangelisch-lutherischen Kindertagesst\u00e4ttenverband Cuxhaven t\u00e4tig. Davor hatte er die Gesch\u00e4ftsf\u00fchrung in wechselnden Unternehmen vor allem aus dem Hotel- und Gastst\u00e4ttengewerbe inne. &nbsp; Die kommissarische Leiterin der Akademie, Andrea Grimm, sagte zur Neubesetzung der Gesch\u00e4ftsf\u00fchrung: \u00abWir haben mit Jens R\u00f6\u00dfler einen hochkompetenten Kollegen f\u00fcr die wichtige Position der Gesch\u00e4ftsf\u00fchrung gefunden. Das gesamte Kollegium der Akademie freut sich auf die Zusammenarbeit.\u00bb&#8230;<\/p>\n","protected":false},"author":7,"featured_media":0,"comment_status":"false","ping_status":"open","sticky":false,"template":"","format":"standard","meta":{"footnotes":""},"categories":[43],"tags":[44],"class_list":["post-25251","post","type-post","status-publish","format-standard","hentry","category-kirche-oldenburg","tag-kirche-oldenburg"],"_links":{"self":[{"href":"https:\/\/christusnews.de\/site\/wp-json\/wp\/v2\/posts\/25251","targetHints":{"allow":["GET"]}}],"collection":[{"href":"https:\/\/christusnews.de\/site\/wp-json\/wp\/v2\/posts"}],"about":[{"href":"https:\/\/christusnews.de\/site\/wp-json\/wp\/v2\/types\/post"}],"author":[{"embeddable":true,"href":"https:\/\/christusnews.de\/site\/wp-json\/wp\/v2\/users\/7"}],"replies":[{"embeddable":true,"href":"https:\/\/christusnews.de\/site\/wp-json\/wp\/v2\/comments?post=25251"}],"version-history":[{"count":1,"href":"https:\/\/christusnews.de\/site\/wp-json\/wp\/v2\/posts\/25251\/revisions"}],"predecessor-version":[{"id":25252,"href":"https:\/\/christusnews.de\/site\/wp-json\/wp\/v2\/posts\/25251\/revisions\/25252"}],"wp:attachment":[{"href":"https:\/\/christusnews.de\/site\/wp-json\/wp\/v2\/media?parent=25251"}],"wp:term":[{"taxonomy":"category","embeddable":true,"href":"https:\/\/christusnews.de\/site\/wp-json\/wp\/v2\/categories?post=25251"},{"taxonomy":"post_tag","embeddable":true,"href":"https:\/\/christusnews.de\/site\/wp-json\/wp\/v2\/tags?post=25251"}],"curies":[{"name":"wp","href":"https:\/\/api.w.org\/{rel}","templated":true}]}}