{"id":25257,"date":"2023-10-02T10:05:15","date_gmt":"2023-10-02T08:05:15","guid":{"rendered":"https:\/\/christusnews.de\/site\/?p=25257"},"modified":"2023-10-04T10:06:32","modified_gmt":"2023-10-04T08:06:32","slug":"in-der-gemeinde","status":"publish","type":"post","link":"https:\/\/christusnews.de\/site\/in-der-gemeinde\/","title":{"rendered":"In der Gemeinde"},"content":{"rendered":"\n<p>In der Gemeinde, in der ich mein Vikariat hinter mich brachte, war eine Frau angestellt, die als \u201eQuereinsteigerin\u201c berufsbegleitend eine Ausbildung zur Sozialarbeiterin machte. Sie kannte sich von Kind auf in der Jugendarbeit aus, und ich habe viel von ihr gelernt. Daf\u00fcr konnte ich ihr ein wenig bei ihrer theoretischen Ausbildung helfen. Das war der Beginn einer wunderbaren Freundschaft. Sie hatte versprochen, bei meiner Verabschiedung aus dem Pfarrdienst dabei zu sein. Aber dann sagte sie genau an dem Tag ab \u2013 und am Tag zuvor hatte sie doch noch an einer gemeindlichen Feier teilgenommen. Ich war stinksauer und lie\u00df sie das sp\u00fcren. Jahre sp\u00e4ter erfuhr ich \u00fcber sechs Ecken, das sie ziemlich pl\u00f6tzlich gestorben war. Ich traute mich nicht nach dem wann und dem wie zu fragen. Ich hatte es nicht geschafft, mich mit ihr zu vers\u00f6hnen. Das hat mich lange bedr\u00fcckt.<\/p>\n\n\n\n<p>Aber ich vertraue darauf, dass Gott darum wei\u00df und mir vergibt Denn\u00a0\u00a0ihm bin ich recht so wie ich bin, auch mit meinem Zorn, auch damit, dass ich mich nicht mit meiner Freundin vers\u00f6hnen konnte. Denn ich bin getauft. Da hat Gott mir versprochen, dass ich zu ihm geh\u00f6re \u2013 und das auf immer.<\/p>\n\n\n\n<p><\/p>\n\n\n\n<blockquote class=\"wp-block-quote is-layout-flow wp-block-quote-is-layout-flow\">\n<blockquote class=\"wp-block-quote is-layout-flow wp-block-quote-is-layout-flow\">\n<p><strong>Doris Semmler<\/strong><\/p>\n\n\n\n<p id=\"block-fb80a6b2-cb5c-4986-8baf-0eaeeaa95669\">H<em>\u00f6ren Sie diesen Beitrag bei Radio Jade:<\/em><br><a rel=\"noreferrer noopener\" href=\"http:\/\/www.radio-jade.de\/mediathek\/angedacht\/\" target=\"_blank\"><em>Alle Beitr\u00e4ge im \u00dcberblick | RADIO JADE<\/em><\/a><\/p>\n<\/blockquote>\n<\/blockquote>\n","protected":false},"excerpt":{"rendered":"<p>In der Gemeinde, in der ich mein Vikariat hinter mich brachte, war eine Frau angestellt, die als \u201eQuereinsteigerin\u201c berufsbegleitend eine Ausbildung zur Sozialarbeiterin machte. Sie kannte sich von Kind auf in der Jugendarbeit aus, und ich habe viel von ihr gelernt. Daf\u00fcr konnte ich ihr ein wenig bei ihrer theoretischen Ausbildung helfen. Das war der Beginn einer wunderbaren Freundschaft. Sie hatte versprochen, bei meiner Verabschiedung aus dem Pfarrdienst dabei zu sein. Aber dann sagte sie genau an dem Tag ab \u2013 und am Tag zuvor hatte sie doch noch an einer gemeindlichen Feier teilgenommen. Ich war stinksauer und lie\u00df sie&#8230;<\/p>\n","protected":false},"author":6,"featured_media":1171,"comment_status":"closed","ping_status":"open","sticky":false,"template":"","format":"standard","meta":{"footnotes":""},"categories":[5],"tags":[],"class_list":["post-25257","post","type-post","status-publish","format-standard","has-post-thumbnail","hentry","category-angedacht"],"_links":{"self":[{"href":"https:\/\/christusnews.de\/site\/wp-json\/wp\/v2\/posts\/25257","targetHints":{"allow":["GET"]}}],"collection":[{"href":"https:\/\/christusnews.de\/site\/wp-json\/wp\/v2\/posts"}],"about":[{"href":"https:\/\/christusnews.de\/site\/wp-json\/wp\/v2\/types\/post"}],"author":[{"embeddable":true,"href":"https:\/\/christusnews.de\/site\/wp-json\/wp\/v2\/users\/6"}],"replies":[{"embeddable":true,"href":"https:\/\/christusnews.de\/site\/wp-json\/wp\/v2\/comments?post=25257"}],"version-history":[{"count":4,"href":"https:\/\/christusnews.de\/site\/wp-json\/wp\/v2\/posts\/25257\/revisions"}],"predecessor-version":[{"id":25262,"href":"https:\/\/christusnews.de\/site\/wp-json\/wp\/v2\/posts\/25257\/revisions\/25262"}],"wp:featuredmedia":[{"embeddable":true,"href":"https:\/\/christusnews.de\/site\/wp-json\/wp\/v2\/media\/1171"}],"wp:attachment":[{"href":"https:\/\/christusnews.de\/site\/wp-json\/wp\/v2\/media?parent=25257"}],"wp:term":[{"taxonomy":"category","embeddable":true,"href":"https:\/\/christusnews.de\/site\/wp-json\/wp\/v2\/categories?post=25257"},{"taxonomy":"post_tag","embeddable":true,"href":"https:\/\/christusnews.de\/site\/wp-json\/wp\/v2\/tags?post=25257"}],"curies":[{"name":"wp","href":"https:\/\/api.w.org\/{rel}","templated":true}]}}