{"id":25269,"date":"2023-10-03T08:16:00","date_gmt":"2023-10-03T06:16:00","guid":{"rendered":"https:\/\/christusnews.de\/site\/gedenkstaette-marienborn-feiert-fest-der-begegnung\/"},"modified":"2023-10-04T11:17:42","modified_gmt":"2023-10-04T09:17:42","slug":"gedenkstaette-marienborn-feiert-fest-der-begegnung","status":"publish","type":"post","link":"https:\/\/christusnews.de\/site\/gedenkstaette-marienborn-feiert-fest-der-begegnung\/","title":{"rendered":"Gedenkst\u00e4tte Marienborn feiert \u00abFest der Begegnung\u00bb"},"content":{"rendered":"<p class=\"MsoPlainText\">Helmstedt\/Marienborn (epd). Die Gedenkst\u00e4tte Deutsche Teilung in Marienborn hat am Dienstag anl\u00e4sslich des Tags der Deutschen Einheit ein \u00abFest der Begegnung\u00bb gefeiert. An einem Bittgottesdienst unter dem Motto \u00abVerliere nicht den Mut\u00bb h\u00e4tten rund 300 Menschen teilgenommen, sagte der Leiter der Gedenkst\u00e4tte, Felix Ludwig, dem Evangelischen Pressedienst.<\/p>\n<p class=\"MsoPlainText\">&nbsp;<\/p>\n<p class=\"MsoPlainText\">Anschlie\u00dfend wurde im Besucherzentrum die Ausstellung \u00abTeilung &#8211; Streben nach Einheit &#8211; Frieden. Zur innerdeutschen und innerkoreanischen Grenze\u00bb er\u00f6ffnet. \u00dcberdies war ein Bericht eines Zeitzeugen zu seiner Flucht \u00fcber die innerdeutsche Grenze und seine Zeit als Fluchthelfer geplant. Auch gaben Funkamateure Einblicke in eine Ausstellung zur Kommunikations- und \u00dcberwachungstechnik in der ehemaligen Grenz\u00fcbergangsstelle.<\/p>\n<p class=\"MsoPlainText\">&nbsp;<\/p>\n<p class=\"MsoPlainText\">Der Grenz\u00fcbergang Helmstedt\/Marienborn, der heute an der Landesgrenze zwischen Niedersachsen und Sachsen-Anhalt liegt, war der gr\u00f6\u00dfte an der innerdeutschen Grenze au\u00dferhalb Berlins. Mehrere Millionen Abfertigungen gab es dort j\u00e4hrlich. Die Kontrollen wurden am 1. Juli 1990 eingestellt. Die Gedenkst\u00e4tte besteht seit 1996.<\/p>\n<p class=\"MsoPlainText\">&nbsp;<\/p>\n<p>Kirche-Oldenburg<br \/>\n<a href=\"https:\/\/www.kirche-oldenburg.de\/\/aktuell\/news-niedersachsen\/artikel\/gedenkstaette-marienborn-feiert-fest-der-begegnung\" target=\"_blank\" rel=\"noopener\">Gedenkst\u00e4tte Marienborn feiert \u00abFest der Begegnung\u00bb<\/a><\/p>\n","protected":false},"excerpt":{"rendered":"<p>Helmstedt\/Marienborn (epd). Die Gedenkst\u00e4tte Deutsche Teilung in Marienborn hat am Dienstag anl\u00e4sslich des Tags der Deutschen Einheit ein \u00abFest der Begegnung\u00bb gefeiert. An einem Bittgottesdienst unter dem Motto \u00abVerliere nicht den Mut\u00bb h\u00e4tten rund 300 Menschen teilgenommen, sagte der Leiter der Gedenkst\u00e4tte, Felix Ludwig, dem Evangelischen Pressedienst. &nbsp; Anschlie\u00dfend wurde im Besucherzentrum die Ausstellung \u00abTeilung &#8211; Streben nach Einheit &#8211; Frieden. Zur innerdeutschen und innerkoreanischen Grenze\u00bb er\u00f6ffnet. \u00dcberdies war ein Bericht eines Zeitzeugen zu seiner Flucht \u00fcber die innerdeutsche Grenze und seine Zeit als Fluchthelfer geplant. Auch gaben Funkamateure Einblicke in eine Ausstellung zur Kommunikations- und \u00dcberwachungstechnik in der ehemaligen&#8230;<\/p>\n","protected":false},"author":7,"featured_media":0,"comment_status":"false","ping_status":"open","sticky":false,"template":"","format":"standard","meta":{"footnotes":""},"categories":[43],"tags":[44],"class_list":["post-25269","post","type-post","status-publish","format-standard","hentry","category-kirche-oldenburg","tag-kirche-oldenburg"],"_links":{"self":[{"href":"https:\/\/christusnews.de\/site\/wp-json\/wp\/v2\/posts\/25269","targetHints":{"allow":["GET"]}}],"collection":[{"href":"https:\/\/christusnews.de\/site\/wp-json\/wp\/v2\/posts"}],"about":[{"href":"https:\/\/christusnews.de\/site\/wp-json\/wp\/v2\/types\/post"}],"author":[{"embeddable":true,"href":"https:\/\/christusnews.de\/site\/wp-json\/wp\/v2\/users\/7"}],"replies":[{"embeddable":true,"href":"https:\/\/christusnews.de\/site\/wp-json\/wp\/v2\/comments?post=25269"}],"version-history":[{"count":1,"href":"https:\/\/christusnews.de\/site\/wp-json\/wp\/v2\/posts\/25269\/revisions"}],"predecessor-version":[{"id":25270,"href":"https:\/\/christusnews.de\/site\/wp-json\/wp\/v2\/posts\/25269\/revisions\/25270"}],"wp:attachment":[{"href":"https:\/\/christusnews.de\/site\/wp-json\/wp\/v2\/media?parent=25269"}],"wp:term":[{"taxonomy":"category","embeddable":true,"href":"https:\/\/christusnews.de\/site\/wp-json\/wp\/v2\/categories?post=25269"},{"taxonomy":"post_tag","embeddable":true,"href":"https:\/\/christusnews.de\/site\/wp-json\/wp\/v2\/tags?post=25269"}],"curies":[{"name":"wp","href":"https:\/\/api.w.org\/{rel}","templated":true}]}}