{"id":25271,"date":"2023-10-03T08:15:00","date_gmt":"2023-10-03T06:15:00","guid":{"rendered":"https:\/\/christusnews.de\/site\/bundesverdienstkreuz-fuer-cuxhavener-seemannsdiakon-martin-struwe\/"},"modified":"2023-10-04T11:17:43","modified_gmt":"2023-10-04T09:17:43","slug":"bundesverdienstkreuz-fuer-cuxhavener-seemannsdiakon-martin-struwe","status":"publish","type":"post","link":"https:\/\/christusnews.de\/site\/bundesverdienstkreuz-fuer-cuxhavener-seemannsdiakon-martin-struwe\/","title":{"rendered":"Bundesverdienstkreuz f\u00fcr Cuxhavener Seemannsdiakon Martin Struwe"},"content":{"rendered":"<p class=\"MsoPlainText\">Cuxhaven (epd). Der Cuxhavener Seemannsdiakon Martin Struwe (52) hat am Montag das Bundesverdienstkreuz bekommen. Cuxhavens Oberb\u00fcrgermeister Uwe Santjer (SPD) \u00fcbergab ihm das Verdienstkreuz am Bande im Rahmen einer Feierstunde im Schloss Ritzeb\u00fcttel. Er erhalte die Auszeichnung stellvertretend f\u00fcr das gesamte Team der Seemannsmission, sagte der Stader Regionalbischof Hans Christian Brandy, Vorsitzender der Deutschen Seemannsmission Hannover.<\/p>\n<p class=\"MsoPlainText\">&nbsp;<\/p>\n<p class=\"MsoPlainText\">Mit dem Bundesverdienstkreuz werde das t\u00e4gliche Engagement f\u00fcr die Belange von Seeleuten gew\u00fcrdigt, \u00abdie sonst so schnell vergessen werden\u00bb, erg\u00e4nzte Brandy. Herausgestellt wurde insbesondere Struwes Einsatz innerhalb eines psychosozialen Notfallteams auf dem Kreuzfahrtriesen \u00abMein Schiff 3\u00bb w\u00e4hrend der Pandemie im Mai 2020 in Cuxhaven.<\/p>\n<p class=\"MsoPlainText\">&nbsp;<\/p>\n<p class=\"MsoPlainText\">Pastor Matthias Ristau, Generalsekret\u00e4r der Deutschen Seemannsmission, erkl\u00e4rte, Struwe sei ein Seemannsdiakon, der mit seinem gro\u00dfen Einsatz weit \u00fcber Cuxhaven hinaus wirke: \u00abDas gilt f\u00fcr den Alltag vor Ort, in den Gremien der weltweiten Deutschen Seemannsmission und vor allem bei den Eins\u00e4tzen der psychosozialen Notfallversorgung.\u00bb<\/p>\n<p class=\"MsoPlainText\">&nbsp;<\/p>\n<p class=\"MsoPlainText\">Struwe leitet seit 2007 die Station der Deutschen Seemannsmission in Cuxhaven. Zuvor war er in Finnland und Bremerhaven t\u00e4tig. In Berlin studierte er an der Evangelischen Fachhochschule soziale Arbeit und absolvierte am Wichern-Kolleg im Evangelischen Johannesstift die Ausbildung zum Diakon. Er ist Fachberater des Havariekommandos in Cuxhaven f\u00fcr psychosoziale Notfallversorgung und war zw\u00f6lf Jahre Vorstandsmitglied im Dachverband der Deutschen Seemannsmission. Martin Struwe ist verheiratet und Vater von vier Kindern.<\/p>\n<p>Kirche-Oldenburg<br \/>\n<a href=\"https:\/\/www.kirche-oldenburg.de\/\/aktuell\/news-niedersachsen\/artikel\/bundesverdienstkreuz-fuer-cuxhavener-seemannsdiakon-martin-struwe\" target=\"_blank\" rel=\"noopener\">Bundesverdienstkreuz f\u00fcr Cuxhavener Seemannsdiakon Martin Struwe<\/a><\/p>\n","protected":false},"excerpt":{"rendered":"<p>Cuxhaven (epd). Der Cuxhavener Seemannsdiakon Martin Struwe (52) hat am Montag das Bundesverdienstkreuz bekommen. Cuxhavens Oberb\u00fcrgermeister Uwe Santjer (SPD) \u00fcbergab ihm das Verdienstkreuz am Bande im Rahmen einer Feierstunde im Schloss Ritzeb\u00fcttel. Er erhalte die Auszeichnung stellvertretend f\u00fcr das gesamte Team der Seemannsmission, sagte der Stader Regionalbischof Hans Christian Brandy, Vorsitzender der Deutschen Seemannsmission Hannover. &nbsp; Mit dem Bundesverdienstkreuz werde das t\u00e4gliche Engagement f\u00fcr die Belange von Seeleuten gew\u00fcrdigt, \u00abdie sonst so schnell vergessen werden\u00bb, erg\u00e4nzte Brandy. Herausgestellt wurde insbesondere Struwes Einsatz innerhalb eines psychosozialen Notfallteams auf dem Kreuzfahrtriesen \u00abMein Schiff 3\u00bb w\u00e4hrend der Pandemie im Mai 2020 in Cuxhaven&#8230;.<\/p>\n","protected":false},"author":7,"featured_media":0,"comment_status":"false","ping_status":"open","sticky":false,"template":"","format":"standard","meta":{"footnotes":""},"categories":[43],"tags":[44],"class_list":["post-25271","post","type-post","status-publish","format-standard","hentry","category-kirche-oldenburg","tag-kirche-oldenburg"],"_links":{"self":[{"href":"https:\/\/christusnews.de\/site\/wp-json\/wp\/v2\/posts\/25271","targetHints":{"allow":["GET"]}}],"collection":[{"href":"https:\/\/christusnews.de\/site\/wp-json\/wp\/v2\/posts"}],"about":[{"href":"https:\/\/christusnews.de\/site\/wp-json\/wp\/v2\/types\/post"}],"author":[{"embeddable":true,"href":"https:\/\/christusnews.de\/site\/wp-json\/wp\/v2\/users\/7"}],"replies":[{"embeddable":true,"href":"https:\/\/christusnews.de\/site\/wp-json\/wp\/v2\/comments?post=25271"}],"version-history":[{"count":1,"href":"https:\/\/christusnews.de\/site\/wp-json\/wp\/v2\/posts\/25271\/revisions"}],"predecessor-version":[{"id":25272,"href":"https:\/\/christusnews.de\/site\/wp-json\/wp\/v2\/posts\/25271\/revisions\/25272"}],"wp:attachment":[{"href":"https:\/\/christusnews.de\/site\/wp-json\/wp\/v2\/media?parent=25271"}],"wp:term":[{"taxonomy":"category","embeddable":true,"href":"https:\/\/christusnews.de\/site\/wp-json\/wp\/v2\/categories?post=25271"},{"taxonomy":"post_tag","embeddable":true,"href":"https:\/\/christusnews.de\/site\/wp-json\/wp\/v2\/tags?post=25271"}],"curies":[{"name":"wp","href":"https:\/\/api.w.org\/{rel}","templated":true}]}}