{"id":25273,"date":"2023-10-02T08:14:00","date_gmt":"2023-10-02T06:14:00","guid":{"rendered":"https:\/\/christusnews.de\/site\/naturschuetzer-fordern-licht-aus\/"},"modified":"2023-10-04T11:17:43","modified_gmt":"2023-10-04T09:17:43","slug":"naturschuetzer-fordern-licht-aus","status":"publish","type":"post","link":"https:\/\/christusnews.de\/site\/naturschuetzer-fordern-licht-aus\/","title":{"rendered":"Natursch\u00fctzer fordern: Licht aus"},"content":{"rendered":"<p class=\"MsoPlainText\">Jever\/Kr. Friesland (epd). Der Naturschutzbund Nabu im Landkreis Friesland wirbt f\u00fcr einen bewussten Umgang mit Licht und ruft dazu auf, die Au\u00dfenbeleuchtungen und \u00f6ffentlichen Laternen in der Nacht zwischen 22 und 6 Uhr auszuschalten. Neben der Energieersparnis komme die Dunkelheit auch der Natur zugute, sagte eine Sprecherin des Pilotprojekts \u00abSternenfunkeln \u00fcber Friesland\u00bb am Montag dem Evangelischen Pressedienst (epd).<\/p>\n<p class=\"MsoPlainText\">&nbsp;<\/p>\n<p class=\"MsoPlainText\">Die n\u00e4chtliche Dunkelheit ist der Sprecherin zufolge unverzichtbar f\u00fcr den Erhalt der Biodiversit\u00e4t. \u00dcber Jahrtausende hinweg habe sich die Tierwelt an den Tag-Nacht-Rhythmus der Erde angepasst. Viele Tiere, wie Insekten oder Zugv\u00f6gel, verf\u00fcgten \u00fcber spezielle Rezeptoren, um die Sterne als Kompass zu nutzen. Helle Lampen, Leuchten und Laternen blendeten und irritierten sie, sodass sie sich nicht mehr orientieren k\u00f6nnen. Nachtaktive Insekten umschwirrten hektisch die Leuchten und st\u00fcrben, ohne sich fortgepflanzt zu haben.<\/p>\n<p class=\"MsoPlainText\">&nbsp;<\/p>\n<p class=\"MsoPlainText\">Au\u00dferdem sei die n\u00e4chtliche Dunkelheit notwendig f\u00fcr die Bildung des Schlafhormons Melatonin, erl\u00e4uterte die Sprecherin. Dunkelheit f\u00f6rdere daher einen erholsamen Schlaf und somit auch die Gesundheit.<\/p>\n<p>Kirche-Oldenburg<br \/>\n<a href=\"https:\/\/www.kirche-oldenburg.de\/\/aktuell\/news-niedersachsen\/artikel\/naturschuetzer-fordern-licht-aus\" target=\"_blank\" rel=\"noopener\">Natursch\u00fctzer fordern: Licht aus<\/a><\/p>\n","protected":false},"excerpt":{"rendered":"<p>Jever\/Kr. Friesland (epd). Der Naturschutzbund Nabu im Landkreis Friesland wirbt f\u00fcr einen bewussten Umgang mit Licht und ruft dazu auf, die Au\u00dfenbeleuchtungen und \u00f6ffentlichen Laternen in der Nacht zwischen 22 und 6 Uhr auszuschalten. Neben der Energieersparnis komme die Dunkelheit auch der Natur zugute, sagte eine Sprecherin des Pilotprojekts \u00abSternenfunkeln \u00fcber Friesland\u00bb am Montag dem Evangelischen Pressedienst (epd). &nbsp; Die n\u00e4chtliche Dunkelheit ist der Sprecherin zufolge unverzichtbar f\u00fcr den Erhalt der Biodiversit\u00e4t. \u00dcber Jahrtausende hinweg habe sich die Tierwelt an den Tag-Nacht-Rhythmus der Erde angepasst. Viele Tiere, wie Insekten oder Zugv\u00f6gel, verf\u00fcgten \u00fcber spezielle Rezeptoren, um die Sterne als Kompass&#8230;<\/p>\n","protected":false},"author":7,"featured_media":0,"comment_status":"false","ping_status":"open","sticky":false,"template":"","format":"standard","meta":{"footnotes":""},"categories":[43],"tags":[44],"class_list":["post-25273","post","type-post","status-publish","format-standard","hentry","category-kirche-oldenburg","tag-kirche-oldenburg"],"_links":{"self":[{"href":"https:\/\/christusnews.de\/site\/wp-json\/wp\/v2\/posts\/25273","targetHints":{"allow":["GET"]}}],"collection":[{"href":"https:\/\/christusnews.de\/site\/wp-json\/wp\/v2\/posts"}],"about":[{"href":"https:\/\/christusnews.de\/site\/wp-json\/wp\/v2\/types\/post"}],"author":[{"embeddable":true,"href":"https:\/\/christusnews.de\/site\/wp-json\/wp\/v2\/users\/7"}],"replies":[{"embeddable":true,"href":"https:\/\/christusnews.de\/site\/wp-json\/wp\/v2\/comments?post=25273"}],"version-history":[{"count":1,"href":"https:\/\/christusnews.de\/site\/wp-json\/wp\/v2\/posts\/25273\/revisions"}],"predecessor-version":[{"id":25274,"href":"https:\/\/christusnews.de\/site\/wp-json\/wp\/v2\/posts\/25273\/revisions\/25274"}],"wp:attachment":[{"href":"https:\/\/christusnews.de\/site\/wp-json\/wp\/v2\/media?parent=25273"}],"wp:term":[{"taxonomy":"category","embeddable":true,"href":"https:\/\/christusnews.de\/site\/wp-json\/wp\/v2\/categories?post=25273"},{"taxonomy":"post_tag","embeddable":true,"href":"https:\/\/christusnews.de\/site\/wp-json\/wp\/v2\/tags?post=25273"}],"curies":[{"name":"wp","href":"https:\/\/api.w.org\/{rel}","templated":true}]}}