{"id":25275,"date":"2023-10-02T08:06:00","date_gmt":"2023-10-02T06:06:00","guid":{"rendered":"https:\/\/christusnews.de\/site\/wissenschaftler-fordern-menschenrechtspakt-fuer-fluechtlinge\/"},"modified":"2023-10-04T11:17:44","modified_gmt":"2023-10-04T09:17:44","slug":"wissenschaftler-fordern-menschenrechtspakt-fuer-fluechtlinge","status":"publish","type":"post","link":"https:\/\/christusnews.de\/site\/wissenschaftler-fordern-menschenrechtspakt-fuer-fluechtlinge\/","title":{"rendered":"Wissenschaftler fordern \u00abMenschenrechtspakt\u00bb f\u00fcr Fl\u00fcchtlinge"},"content":{"rendered":"<p class=\"MsoPlainText\">Osnabr\u00fcck (epd). Vor dem Hintergrund der aktuellen politischen Debatten zu Migration hat die Osnabr\u00fccker Juniorprofessorin f\u00fcr Flucht- und Fl\u00fcchtlingsforschung, Ulrike Krause, einen \u00abMenschenrechtspakt in der Fl\u00fcchtlingspolitik\u00bb gefordert. Gemeinsam mit dem Kasseler Politikwissenschaftler Maximilian Pichl und der in M\u00fcnster lehrenden Juristin Nora Markard habe sie eine entsprechende Stellungnahme verfasst, teilte Krause am Montag mit. Der am Samstag online ver\u00f6ffentlichte Vorsto\u00df sei bereits von 270 Wissenschaftlern aus dem Asylrecht und der Fluchtforschung unterzeichnet worden.<\/p>\n<p class=\"MsoPlainText\">&nbsp;<\/p>\n<p class=\"MsoPlainText\">Als Wissenschaftlerinnen und Wissenschaftler, die seit Jahren die Fl\u00fcchtlingspolitik untersuchen und kommentieren, \u00absehen wir die j\u00fcngsten politischen Debatten und Forderungen mit gro\u00dfer Sorge\u00bb, hei\u00dft es in der Stellungnahme. In der \u00d6ffentlichkeit werde dar\u00fcber sinniert, man m\u00fcsse \u00abUndenkbares denken\u00bb und \u00abmoralisch schwierige Entscheidungen treffen\u00bb. Auch werde eine \u00abWende in der Migrationspolitik wie dem Asylkompromiss der 1990er Jahre\u00bb gefordert. Zudem stehe die Annahme im Raum, es bed\u00fcrfe eines \u00abDeutschlandpakts gegen irregul\u00e4re Migration\u00bb.<\/p>\n<p class=\"MsoPlainText\">&nbsp;<\/p>\n<p class=\"MsoPlainText\">Die Debatte \u00fcber Flucht und Asyl werde \u00abweitestgehend faktenfrei\u00bb gef\u00fchrt, hei\u00dft es weiter. Dadurch w\u00fcrden \u00c4ngste gesch\u00fcrt und gesellschaftliche Probleme Schutzsuchenden angelastet. \u00abWir wenden uns daher mit entschiedenem Nachdruck gegen den Versuch, im Schnellverfahren und in einem &#8216;Deutschlandpakt&#8217; die Entrechtung von Menschen auf der Flucht weiter voranzutreiben.\u00bb Stattdessen bed\u00fcrfe es eines \u00abbundesdeutschen Menschenrechtspakts in der Fl\u00fcchtlingspolitik\u00bb.<\/p>\n<p>Kirche-Oldenburg<br \/>\n<a href=\"https:\/\/www.kirche-oldenburg.de\/\/aktuell\/news-niedersachsen\/artikel\/wissenschaftler-fordern-menschenrechtspakt-fuer-fluechtlinge\" target=\"_blank\" rel=\"noopener\">Wissenschaftler fordern \u00abMenschenrechtspakt\u00bb f\u00fcr Fl\u00fcchtlinge<\/a><\/p>\n","protected":false},"excerpt":{"rendered":"<p>Osnabr\u00fcck (epd). Vor dem Hintergrund der aktuellen politischen Debatten zu Migration hat die Osnabr\u00fccker Juniorprofessorin f\u00fcr Flucht- und Fl\u00fcchtlingsforschung, Ulrike Krause, einen \u00abMenschenrechtspakt in der Fl\u00fcchtlingspolitik\u00bb gefordert. Gemeinsam mit dem Kasseler Politikwissenschaftler Maximilian Pichl und der in M\u00fcnster lehrenden Juristin Nora Markard habe sie eine entsprechende Stellungnahme verfasst, teilte Krause am Montag mit. Der am Samstag online ver\u00f6ffentlichte Vorsto\u00df sei bereits von 270 Wissenschaftlern aus dem Asylrecht und der Fluchtforschung unterzeichnet worden. &nbsp; Als Wissenschaftlerinnen und Wissenschaftler, die seit Jahren die Fl\u00fcchtlingspolitik untersuchen und kommentieren, \u00absehen wir die j\u00fcngsten politischen Debatten und Forderungen mit gro\u00dfer Sorge\u00bb, hei\u00dft es in der&#8230;<\/p>\n","protected":false},"author":7,"featured_media":0,"comment_status":"false","ping_status":"open","sticky":false,"template":"","format":"standard","meta":{"footnotes":""},"categories":[43],"tags":[44],"class_list":["post-25275","post","type-post","status-publish","format-standard","hentry","category-kirche-oldenburg","tag-kirche-oldenburg"],"_links":{"self":[{"href":"https:\/\/christusnews.de\/site\/wp-json\/wp\/v2\/posts\/25275","targetHints":{"allow":["GET"]}}],"collection":[{"href":"https:\/\/christusnews.de\/site\/wp-json\/wp\/v2\/posts"}],"about":[{"href":"https:\/\/christusnews.de\/site\/wp-json\/wp\/v2\/types\/post"}],"author":[{"embeddable":true,"href":"https:\/\/christusnews.de\/site\/wp-json\/wp\/v2\/users\/7"}],"replies":[{"embeddable":true,"href":"https:\/\/christusnews.de\/site\/wp-json\/wp\/v2\/comments?post=25275"}],"version-history":[{"count":1,"href":"https:\/\/christusnews.de\/site\/wp-json\/wp\/v2\/posts\/25275\/revisions"}],"predecessor-version":[{"id":25276,"href":"https:\/\/christusnews.de\/site\/wp-json\/wp\/v2\/posts\/25275\/revisions\/25276"}],"wp:attachment":[{"href":"https:\/\/christusnews.de\/site\/wp-json\/wp\/v2\/media?parent=25275"}],"wp:term":[{"taxonomy":"category","embeddable":true,"href":"https:\/\/christusnews.de\/site\/wp-json\/wp\/v2\/categories?post=25275"},{"taxonomy":"post_tag","embeddable":true,"href":"https:\/\/christusnews.de\/site\/wp-json\/wp\/v2\/tags?post=25275"}],"curies":[{"name":"wp","href":"https:\/\/api.w.org\/{rel}","templated":true}]}}