{"id":25287,"date":"2023-10-05T22:20:43","date_gmt":"2023-10-05T20:20:43","guid":{"rendered":"https:\/\/christusnews.de\/site\/?p=25287"},"modified":"2023-10-05T22:20:44","modified_gmt":"2023-10-05T20:20:44","slug":"klaus-wladar-mit-guitarra-pura-im-abendklang","status":"publish","type":"post","link":"https:\/\/christusnews.de\/site\/klaus-wladar-mit-guitarra-pura-im-abendklang\/","title":{"rendered":"Klaus Wladar mit \u201eGUITARRA PURA!\u201c im Abendklang"},"content":{"rendered":"\n<p><strong>Klaus Wladar mit \u201eGUITARRA PURA!\u201c im Ab<\/strong><strong>endklang<\/strong><\/p>\n\n\n\n<p>In einem Kaleidoskop musikalischer Klangfarben l\u00e4sst der Wiener Gitarrist Klaus Wladar in einem stimmungsvollen Gitarrenkonzert die sechs Saiten erklingen: Das Konzert findet am 8. Oktober (18 Uhr) in einem Abendklang in der Christus- und Garnisonkirche statt. Fans der Gitarre kommen an diesem Abend voller Leidenschaftlichkeit und Virtuosit\u00e4t ganz auf ihre Kosten! Ob Klassik, Spanisches, S\u00fcdamerikanisches oder modern &#8211; Jazziges, Klaus Wladar ist in allen Stilen&nbsp; beheimatet und gleitet mit traumwandlerischer Sicherheit \u00fcber das Griffbrett.<\/p>\n\n\n\n<p>Der Abendklang findet regelm\u00e4\u00dfig Sonntagabends statt. Der Eintritt ist frei, um eine Kollekte f\u00fcr den K\u00fcnstler wird gebeten.<\/p>\n\n\n\n<p><em>Der K\u00fcnstler studierte in Salzburg, Lausanne, Barcelona und Augsburg und ist mehrfacher Preistr\u00e4ger internationaler Gitarrenwettbewerbe <\/em><em>wie dem Concorso Internazionale Citt<\/em><em>\u00e1 <\/em><em>di Stresa (Italien), der International Guitar Competition Volos (Griechenland) oder dem Tokyo International Guitarcontest (Japan). <\/em><em>Der Gitarrist konzertiert regelm\u00e4\u00dfig in vielen europ\u00e4ischen L\u00e4ndern, in Japan sowie in Radio und Fernsehen.Klaus Wladar leitet am Leopold-Mozart-Zentrum der Universit\u00e4t Augsburg eine Gitarrenklasse.<\/em><em><\/em><\/p>\n","protected":false},"excerpt":{"rendered":"<p>Klaus Wladar mit \u201eGUITARRA PURA!\u201c im Abendklang In einem Kaleidoskop musikalischer Klangfarben l\u00e4sst der Wiener Gitarrist Klaus Wladar in einem stimmungsvollen Gitarrenkonzert die sechs Saiten erklingen: Das Konzert findet am 8. Oktober (18 Uhr) in einem Abendklang in der Christus- und Garnisonkirche statt. Fans der Gitarre kommen an diesem Abend voller Leidenschaftlichkeit und Virtuosit\u00e4t ganz auf ihre Kosten! Ob Klassik, Spanisches, S\u00fcdamerikanisches oder modern &#8211; Jazziges, Klaus Wladar ist in allen Stilen&nbsp; beheimatet und gleitet mit traumwandlerischer Sicherheit \u00fcber das Griffbrett. Der Abendklang findet regelm\u00e4\u00dfig Sonntagabends statt. Der Eintritt ist frei, um eine Kollekte f\u00fcr den K\u00fcnstler wird gebeten. Der&#8230;<\/p>\n","protected":false},"author":2,"featured_media":25285,"comment_status":"closed","ping_status":"open","sticky":false,"template":"","format":"standard","meta":{"footnotes":""},"categories":[1],"tags":[],"class_list":["post-25287","post","type-post","status-publish","format-standard","has-post-thumbnail","hentry","category-gemeinde"],"_links":{"self":[{"href":"https:\/\/christusnews.de\/site\/wp-json\/wp\/v2\/posts\/25287","targetHints":{"allow":["GET"]}}],"collection":[{"href":"https:\/\/christusnews.de\/site\/wp-json\/wp\/v2\/posts"}],"about":[{"href":"https:\/\/christusnews.de\/site\/wp-json\/wp\/v2\/types\/post"}],"author":[{"embeddable":true,"href":"https:\/\/christusnews.de\/site\/wp-json\/wp\/v2\/users\/2"}],"replies":[{"embeddable":true,"href":"https:\/\/christusnews.de\/site\/wp-json\/wp\/v2\/comments?post=25287"}],"version-history":[{"count":1,"href":"https:\/\/christusnews.de\/site\/wp-json\/wp\/v2\/posts\/25287\/revisions"}],"predecessor-version":[{"id":25288,"href":"https:\/\/christusnews.de\/site\/wp-json\/wp\/v2\/posts\/25287\/revisions\/25288"}],"wp:featuredmedia":[{"embeddable":true,"href":"https:\/\/christusnews.de\/site\/wp-json\/wp\/v2\/media\/25285"}],"wp:attachment":[{"href":"https:\/\/christusnews.de\/site\/wp-json\/wp\/v2\/media?parent=25287"}],"wp:term":[{"taxonomy":"category","embeddable":true,"href":"https:\/\/christusnews.de\/site\/wp-json\/wp\/v2\/categories?post=25287"},{"taxonomy":"post_tag","embeddable":true,"href":"https:\/\/christusnews.de\/site\/wp-json\/wp\/v2\/tags?post=25287"}],"curies":[{"name":"wp","href":"https:\/\/api.w.org\/{rel}","templated":true}]}}